{"id":3490,"date":"2024-08-28T12:01:08","date_gmt":"2024-08-28T15:01:08","guid":{"rendered":"http:\/\/masquenoticiastucuman.com.ar\/?p=3490"},"modified":"2024-08-28T12:01:08","modified_gmt":"2024-08-28T15:01:08","slug":"afirman-que-yahya-sinwar-el-lider-maximo-de-hamas-se-esconde-rodeado-de-22-rehenes","status":"publish","type":"post","link":"https:\/\/masquenoticiastucuman.com.ar\/?p=3490","title":{"rendered":"Afirman que Yahya Sinwar, el l\u00edder m\u00e1ximo de Hamas, se esconde rodeado de 22 rehenes"},"content":{"rendered":"<p>Se refugia en la extensa red de t\u00faneles, donde usa a los secuestrados como escudos humanos, se\u00f1ala el sitio The Jewish Chronicle.Seg\u00fan The New York Times, el l\u00edder de Hamas es una blanco esquivo que se mueve como un fantasma.<\/p>","protected":false},"excerpt":{"rendered":"<p>Se refugia en la extensa red de t\u00faneles, donde usa a los secuestrados como escudos&#8230;<\/p>\n","protected":false},"author":0,"featured_media":0,"comment_status":"open","ping_status":"open","sticky":false,"template":"","format":"standard","meta":{"footnotes":""},"categories":[4],"tags":[],"class_list":["post-3490","post","type-post","status-publish","format-standard","hentry","category-internacionales"],"_links":{"self":[{"href":"https:\/\/masquenoticiastucuman.com.ar\/index.php?rest_route=\/wp\/v2\/posts\/3490","targetHints":{"allow":["GET"]}}],"collection":[{"href":"https:\/\/masquenoticiastucuman.com.ar\/index.php?rest_route=\/wp\/v2\/posts"}],"about":[{"href":"https:\/\/masquenoticiastucuman.com.ar\/index.php?rest_route=\/wp\/v2\/types\/post"}],"replies":[{"embeddable":true,"href":"https:\/\/masquenoticiastucuman.com.ar\/index.php?rest_route=%2Fwp%2Fv2%2Fcomments&post=3490"}],"version-history":[{"count":0,"href":"https:\/\/masquenoticiastucuman.com.ar\/index.php?rest_route=\/wp\/v2\/posts\/3490\/revisions"}],"wp:attachment":[{"href":"https:\/\/masquenoticiastucuman.com.ar\/index.php?rest_route=%2Fwp%2Fv2%2Fmedia&parent=3490"}],"wp:term":[{"taxonomy":"category","embeddable":true,"href":"https:\/\/masquenoticiastucuman.com.ar\/index.php?rest_route=%2Fwp%2Fv2%2Fcategories&post=3490"},{"taxonomy":"post_tag","embeddable":true,"href":"https:\/\/masquenoticiastucuman.com.ar\/index.php?rest_route=%2Fwp%2Fv2%2Ftags&post=3490"}],"curies":[{"name":"wp","href":"https:\/\/api.w.org\/{rel}","templated":true}]}}