{"id":3498,"date":"2024-08-28T13:01:13","date_gmt":"2024-08-28T16:01:13","guid":{"rendered":"http:\/\/masquenoticiastucuman.com.ar\/?p=3498"},"modified":"2024-08-28T13:01:13","modified_gmt":"2024-08-28T16:01:13","slug":"boom-de-remates-de-maquinaria-una-actividad-que-crece-incentivada-por-la-crisis","status":"publish","type":"post","link":"https:\/\/masquenoticiastucuman.com.ar\/?p=3498","title":{"rendered":"Boom de remates de maquinaria: una actividad que crece incentivada por la crisis"},"content":{"rendered":"<p> Hay m\u00e1s consultas por subastas industriales o de equipos que las peque\u00f1as y medianas empresas dejaron de utilizar por la ca\u00edda de la demanda.<\/p>","protected":false},"excerpt":{"rendered":"<p>Hay m\u00e1s consultas por subastas industriales o de equipos que las peque\u00f1as y medianas empresas&#8230;<\/p>\n","protected":false},"author":0,"featured_media":0,"comment_status":"open","ping_status":"open","sticky":false,"template":"","format":"standard","meta":{"footnotes":""},"categories":[3],"tags":[],"class_list":["post-3498","post","type-post","status-publish","format-standard","hentry","category-nacionales"],"_links":{"self":[{"href":"https:\/\/masquenoticiastucuman.com.ar\/index.php?rest_route=\/wp\/v2\/posts\/3498","targetHints":{"allow":["GET"]}}],"collection":[{"href":"https:\/\/masquenoticiastucuman.com.ar\/index.php?rest_route=\/wp\/v2\/posts"}],"about":[{"href":"https:\/\/masquenoticiastucuman.com.ar\/index.php?rest_route=\/wp\/v2\/types\/post"}],"replies":[{"embeddable":true,"href":"https:\/\/masquenoticiastucuman.com.ar\/index.php?rest_route=%2Fwp%2Fv2%2Fcomments&post=3498"}],"version-history":[{"count":0,"href":"https:\/\/masquenoticiastucuman.com.ar\/index.php?rest_route=\/wp\/v2\/posts\/3498\/revisions"}],"wp:attachment":[{"href":"https:\/\/masquenoticiastucuman.com.ar\/index.php?rest_route=%2Fwp%2Fv2%2Fmedia&parent=3498"}],"wp:term":[{"taxonomy":"category","embeddable":true,"href":"https:\/\/masquenoticiastucuman.com.ar\/index.php?rest_route=%2Fwp%2Fv2%2Fcategories&post=3498"},{"taxonomy":"post_tag","embeddable":true,"href":"https:\/\/masquenoticiastucuman.com.ar\/index.php?rest_route=%2Fwp%2Fv2%2Ftags&post=3498"}],"curies":[{"name":"wp","href":"https:\/\/api.w.org\/{rel}","templated":true}]}}