{"id":3500,"date":"2024-08-28T14:01:02","date_gmt":"2024-08-28T17:01:02","guid":{"rendered":"http:\/\/masquenoticiastucuman.com.ar\/?p=3500"},"modified":"2024-08-28T14:01:02","modified_gmt":"2024-08-28T17:01:02","slug":"martin-llaryora-critico-las-retenciones-y-pidio-una-nueva-ley-de-biocombustibles","status":"publish","type":"post","link":"https:\/\/masquenoticiastucuman.com.ar\/?p=3500","title":{"rendered":"Mart\u00edn Llaryora critic\u00f3 las retenciones y pidi\u00f3 una nueva ley de biocombustibles"},"content":{"rendered":"<p>El Gobernador de C\u00f3rdoba particip\u00f3 del Tercer Congreso Internacional del Ma\u00edz.El evento se desarrolla en la provincia cordobesa.<\/p>","protected":false},"excerpt":{"rendered":"<p>El Gobernador de C\u00f3rdoba particip\u00f3 del Tercer Congreso Internacional del Ma\u00edz.El evento se desarrolla en&#8230;<\/p>\n","protected":false},"author":0,"featured_media":0,"comment_status":"open","ping_status":"open","sticky":false,"template":"","format":"standard","meta":{"footnotes":""},"categories":[1],"tags":[],"class_list":["post-3500","post","type-post","status-publish","format-standard","hentry","category-uncategorized"],"_links":{"self":[{"href":"https:\/\/masquenoticiastucuman.com.ar\/index.php?rest_route=\/wp\/v2\/posts\/3500","targetHints":{"allow":["GET"]}}],"collection":[{"href":"https:\/\/masquenoticiastucuman.com.ar\/index.php?rest_route=\/wp\/v2\/posts"}],"about":[{"href":"https:\/\/masquenoticiastucuman.com.ar\/index.php?rest_route=\/wp\/v2\/types\/post"}],"replies":[{"embeddable":true,"href":"https:\/\/masquenoticiastucuman.com.ar\/index.php?rest_route=%2Fwp%2Fv2%2Fcomments&post=3500"}],"version-history":[{"count":0,"href":"https:\/\/masquenoticiastucuman.com.ar\/index.php?rest_route=\/wp\/v2\/posts\/3500\/revisions"}],"wp:attachment":[{"href":"https:\/\/masquenoticiastucuman.com.ar\/index.php?rest_route=%2Fwp%2Fv2%2Fmedia&parent=3500"}],"wp:term":[{"taxonomy":"category","embeddable":true,"href":"https:\/\/masquenoticiastucuman.com.ar\/index.php?rest_route=%2Fwp%2Fv2%2Fcategories&post=3500"},{"taxonomy":"post_tag","embeddable":true,"href":"https:\/\/masquenoticiastucuman.com.ar\/index.php?rest_route=%2Fwp%2Fv2%2Ftags&post=3500"}],"curies":[{"name":"wp","href":"https:\/\/api.w.org\/{rel}","templated":true}]}}