{"id":3508,"date":"2024-08-28T15:01:03","date_gmt":"2024-08-28T18:01:03","guid":{"rendered":"http:\/\/masquenoticiastucuman.com.ar\/?p=3508"},"modified":"2024-08-28T15:01:03","modified_gmt":"2024-08-28T18:01:03","slug":"el-reencuentro-de-la-generacion-dorada-a-20-anos-de-atenas-2004-cuando-salen-a-la-venta-las-entradas-y-como-sera-el-evento","status":"publish","type":"post","link":"https:\/\/masquenoticiastucuman.com.ar\/?p=3508","title":{"rendered":"El reencuentro de la Generaci\u00f3n Dorada, a 20 a\u00f1os de Atenas 2004: cu\u00e1ndo salen a la venta las entradas y c\u00f3mo ser\u00e1 el evento"},"content":{"rendered":"<p>Gin\u00f3bili, Scola y compa\u00f1\u00eda se vuelven a juntar a dos d\u00e9cadas de la hist\u00f3rica consagraci\u00f3n.Tendr\u00e1n un partido homenaje el 2 de noviembre en el Parque Roca.Los tickets se podr\u00e1n comprar por Internet desde el 2 de septiembre.<\/p>","protected":false},"excerpt":{"rendered":"<p>Gin\u00f3bili, Scola y compa\u00f1\u00eda se vuelven a juntar a dos d\u00e9cadas de la hist\u00f3rica consagraci\u00f3n.Tendr\u00e1n&#8230;<\/p>\n","protected":false},"author":0,"featured_media":0,"comment_status":"open","ping_status":"open","sticky":false,"template":"","format":"standard","meta":{"footnotes":""},"categories":[6],"tags":[],"class_list":["post-3508","post","type-post","status-publish","format-standard","hentry","category-deportes"],"_links":{"self":[{"href":"https:\/\/masquenoticiastucuman.com.ar\/index.php?rest_route=\/wp\/v2\/posts\/3508","targetHints":{"allow":["GET"]}}],"collection":[{"href":"https:\/\/masquenoticiastucuman.com.ar\/index.php?rest_route=\/wp\/v2\/posts"}],"about":[{"href":"https:\/\/masquenoticiastucuman.com.ar\/index.php?rest_route=\/wp\/v2\/types\/post"}],"replies":[{"embeddable":true,"href":"https:\/\/masquenoticiastucuman.com.ar\/index.php?rest_route=%2Fwp%2Fv2%2Fcomments&post=3508"}],"version-history":[{"count":0,"href":"https:\/\/masquenoticiastucuman.com.ar\/index.php?rest_route=\/wp\/v2\/posts\/3508\/revisions"}],"wp:attachment":[{"href":"https:\/\/masquenoticiastucuman.com.ar\/index.php?rest_route=%2Fwp%2Fv2%2Fmedia&parent=3508"}],"wp:term":[{"taxonomy":"category","embeddable":true,"href":"https:\/\/masquenoticiastucuman.com.ar\/index.php?rest_route=%2Fwp%2Fv2%2Fcategories&post=3508"},{"taxonomy":"post_tag","embeddable":true,"href":"https:\/\/masquenoticiastucuman.com.ar\/index.php?rest_route=%2Fwp%2Fv2%2Ftags&post=3508"}],"curies":[{"name":"wp","href":"https:\/\/api.w.org\/{rel}","templated":true}]}}