{"id":3510,"date":"2024-08-28T15:01:05","date_gmt":"2024-08-28T18:01:05","guid":{"rendered":"http:\/\/masquenoticiastucuman.com.ar\/?p=3510"},"modified":"2024-08-28T15:01:05","modified_gmt":"2024-08-28T18:01:05","slug":"la-justicia-de-francia-tambien-investiga-al-fundador-de-telegram-por-violencia-grave-contra-su-hijo","status":"publish","type":"post","link":"https:\/\/masquenoticiastucuman.com.ar\/?p=3510","title":{"rendered":"La justicia de Francia tambi\u00e9n investiga al fundador de Telegram por &#8220;violencia grave&#8221; contra su hijo"},"content":{"rendered":"<p>La nueva investigaci\u00f3n contra Pavel Durov fue confiada a la agencia francesa de prevenci\u00f3n de la violencia contra los menores. Y precis\u00f3 que la violencia contra un hijo del magnate nacido en 2017 tuvo lugar cuando estaba escolarizado en Par\u00eds.Ya tiene una investigaci\u00f3n por complicidad en delitos organizados en la plataforma como narcotr\u00e1fico, pornograf\u00eda infantil, fraude y blanqueo en banda organizada.<\/p>","protected":false},"excerpt":{"rendered":"<p>La nueva investigaci\u00f3n contra Pavel Durov fue confiada a la agencia francesa de prevenci\u00f3n de&#8230;<\/p>\n","protected":false},"author":0,"featured_media":0,"comment_status":"open","ping_status":"open","sticky":false,"template":"","format":"standard","meta":{"footnotes":""},"categories":[4],"tags":[],"class_list":["post-3510","post","type-post","status-publish","format-standard","hentry","category-internacionales"],"_links":{"self":[{"href":"https:\/\/masquenoticiastucuman.com.ar\/index.php?rest_route=\/wp\/v2\/posts\/3510","targetHints":{"allow":["GET"]}}],"collection":[{"href":"https:\/\/masquenoticiastucuman.com.ar\/index.php?rest_route=\/wp\/v2\/posts"}],"about":[{"href":"https:\/\/masquenoticiastucuman.com.ar\/index.php?rest_route=\/wp\/v2\/types\/post"}],"replies":[{"embeddable":true,"href":"https:\/\/masquenoticiastucuman.com.ar\/index.php?rest_route=%2Fwp%2Fv2%2Fcomments&post=3510"}],"version-history":[{"count":0,"href":"https:\/\/masquenoticiastucuman.com.ar\/index.php?rest_route=\/wp\/v2\/posts\/3510\/revisions"}],"wp:attachment":[{"href":"https:\/\/masquenoticiastucuman.com.ar\/index.php?rest_route=%2Fwp%2Fv2%2Fmedia&parent=3510"}],"wp:term":[{"taxonomy":"category","embeddable":true,"href":"https:\/\/masquenoticiastucuman.com.ar\/index.php?rest_route=%2Fwp%2Fv2%2Fcategories&post=3510"},{"taxonomy":"post_tag","embeddable":true,"href":"https:\/\/masquenoticiastucuman.com.ar\/index.php?rest_route=%2Fwp%2Fv2%2Ftags&post=3510"}],"curies":[{"name":"wp","href":"https:\/\/api.w.org\/{rel}","templated":true}]}}