{"id":3527,"date":"2024-08-28T17:01:05","date_gmt":"2024-08-28T20:01:05","guid":{"rendered":"http:\/\/masquenoticiastucuman.com.ar\/?p=3527"},"modified":"2024-08-28T17:01:05","modified_gmt":"2024-08-28T20:01:05","slug":"cuando-y-como-sera-el-funeral-de-juan-izquierdo-en-montevideo-una-breve-despedida-con-acceso-del-publico-y-sin-sepelio","status":"publish","type":"post","link":"https:\/\/masquenoticiastucuman.com.ar\/?p=3527","title":{"rendered":"Cu\u00e1ndo y c\u00f3mo ser\u00e1 el funeral de Juan Izquierdo en Montevideo: una breve despedida con acceso del p\u00fablico y sin sepelio"},"content":{"rendered":"<p>Ser\u00e1 este jueves en la sede social del club sobre la Avenida 8 de Octubre.El club les pidi\u00f3 a los hinchas &#8220;que la circulaci\u00f3n por el sal\u00f3n se realice con fluidez y orden&#8221;.<\/p>","protected":false},"excerpt":{"rendered":"<p>Ser\u00e1 este jueves en la sede social del club sobre la Avenida 8 de Octubre.El&#8230;<\/p>\n","protected":false},"author":0,"featured_media":0,"comment_status":"open","ping_status":"open","sticky":false,"template":"","format":"standard","meta":{"footnotes":""},"categories":[6],"tags":[],"class_list":["post-3527","post","type-post","status-publish","format-standard","hentry","category-deportes"],"_links":{"self":[{"href":"https:\/\/masquenoticiastucuman.com.ar\/index.php?rest_route=\/wp\/v2\/posts\/3527","targetHints":{"allow":["GET"]}}],"collection":[{"href":"https:\/\/masquenoticiastucuman.com.ar\/index.php?rest_route=\/wp\/v2\/posts"}],"about":[{"href":"https:\/\/masquenoticiastucuman.com.ar\/index.php?rest_route=\/wp\/v2\/types\/post"}],"replies":[{"embeddable":true,"href":"https:\/\/masquenoticiastucuman.com.ar\/index.php?rest_route=%2Fwp%2Fv2%2Fcomments&post=3527"}],"version-history":[{"count":0,"href":"https:\/\/masquenoticiastucuman.com.ar\/index.php?rest_route=\/wp\/v2\/posts\/3527\/revisions"}],"wp:attachment":[{"href":"https:\/\/masquenoticiastucuman.com.ar\/index.php?rest_route=%2Fwp%2Fv2%2Fmedia&parent=3527"}],"wp:term":[{"taxonomy":"category","embeddable":true,"href":"https:\/\/masquenoticiastucuman.com.ar\/index.php?rest_route=%2Fwp%2Fv2%2Fcategories&post=3527"},{"taxonomy":"post_tag","embeddable":true,"href":"https:\/\/masquenoticiastucuman.com.ar\/index.php?rest_route=%2Fwp%2Fv2%2Ftags&post=3527"}],"curies":[{"name":"wp","href":"https:\/\/api.w.org\/{rel}","templated":true}]}}