{"id":3529,"date":"2024-08-28T17:01:06","date_gmt":"2024-08-28T20:01:06","guid":{"rendered":"http:\/\/masquenoticiastucuman.com.ar\/?p=3529"},"modified":"2024-08-28T17:01:06","modified_gmt":"2024-08-28T20:01:06","slug":"el-ejercito-de-israel-recupero-el-cadaver-de-un-soldado-secuestrado-por-hamas-el-7-de-octubre","status":"publish","type":"post","link":"https:\/\/masquenoticiastucuman.com.ar\/?p=3529","title":{"rendered":"El Ej\u00e9rcito de Israel recuper\u00f3 el cad\u00e1ver de un soldado secuestrado por Hamas el 7 de octubre"},"content":{"rendered":"<p>Fue durante una operaci\u00f3n de las Fuerzas Armadas y de Inteligencia durante la madrugada en la Franja de Gaza.El gobierno de Benjamin Netanyahu prometer rescatar m\u00e1s rehenes.<\/p>","protected":false},"excerpt":{"rendered":"<p>Fue durante una operaci\u00f3n de las Fuerzas Armadas y de Inteligencia durante la madrugada en&#8230;<\/p>\n","protected":false},"author":0,"featured_media":0,"comment_status":"open","ping_status":"open","sticky":false,"template":"","format":"standard","meta":{"footnotes":""},"categories":[4],"tags":[],"class_list":["post-3529","post","type-post","status-publish","format-standard","hentry","category-internacionales"],"_links":{"self":[{"href":"https:\/\/masquenoticiastucuman.com.ar\/index.php?rest_route=\/wp\/v2\/posts\/3529","targetHints":{"allow":["GET"]}}],"collection":[{"href":"https:\/\/masquenoticiastucuman.com.ar\/index.php?rest_route=\/wp\/v2\/posts"}],"about":[{"href":"https:\/\/masquenoticiastucuman.com.ar\/index.php?rest_route=\/wp\/v2\/types\/post"}],"replies":[{"embeddable":true,"href":"https:\/\/masquenoticiastucuman.com.ar\/index.php?rest_route=%2Fwp%2Fv2%2Fcomments&post=3529"}],"version-history":[{"count":0,"href":"https:\/\/masquenoticiastucuman.com.ar\/index.php?rest_route=\/wp\/v2\/posts\/3529\/revisions"}],"wp:attachment":[{"href":"https:\/\/masquenoticiastucuman.com.ar\/index.php?rest_route=%2Fwp%2Fv2%2Fmedia&parent=3529"}],"wp:term":[{"taxonomy":"category","embeddable":true,"href":"https:\/\/masquenoticiastucuman.com.ar\/index.php?rest_route=%2Fwp%2Fv2%2Fcategories&post=3529"},{"taxonomy":"post_tag","embeddable":true,"href":"https:\/\/masquenoticiastucuman.com.ar\/index.php?rest_route=%2Fwp%2Fv2%2Ftags&post=3529"}],"curies":[{"name":"wp","href":"https:\/\/api.w.org\/{rel}","templated":true}]}}