{"id":3531,"date":"2024-08-28T17:01:08","date_gmt":"2024-08-28T20:01:08","guid":{"rendered":"http:\/\/masquenoticiastucuman.com.ar\/?p=3531"},"modified":"2024-08-28T17:01:08","modified_gmt":"2024-08-28T20:01:08","slug":"la-inclusion-financiera-en-contexto-verde-y-sustentable-crece-en-la-agenda-de-los-bancos","status":"publish","type":"post","link":"https:\/\/masquenoticiastucuman.com.ar\/?p=3531","title":{"rendered":"La inclusi\u00f3n financiera en contexto verde y sustentable crece en la agenda de los bancos"},"content":{"rendered":"<p>Se realiz\u00f3 en Buenos Aires el segundo congreso de banca sostenible e inclusiva. Las conclusiones de expertos de varios pa\u00edses. El caso del Banco Naci\u00f3n.<\/p>","protected":false},"excerpt":{"rendered":"<p>Se realiz\u00f3 en Buenos Aires el segundo congreso de banca sostenible e inclusiva. Las conclusiones&#8230;<\/p>\n","protected":false},"author":0,"featured_media":0,"comment_status":"open","ping_status":"open","sticky":false,"template":"","format":"standard","meta":{"footnotes":""},"categories":[3],"tags":[],"class_list":["post-3531","post","type-post","status-publish","format-standard","hentry","category-nacionales"],"_links":{"self":[{"href":"https:\/\/masquenoticiastucuman.com.ar\/index.php?rest_route=\/wp\/v2\/posts\/3531","targetHints":{"allow":["GET"]}}],"collection":[{"href":"https:\/\/masquenoticiastucuman.com.ar\/index.php?rest_route=\/wp\/v2\/posts"}],"about":[{"href":"https:\/\/masquenoticiastucuman.com.ar\/index.php?rest_route=\/wp\/v2\/types\/post"}],"replies":[{"embeddable":true,"href":"https:\/\/masquenoticiastucuman.com.ar\/index.php?rest_route=%2Fwp%2Fv2%2Fcomments&post=3531"}],"version-history":[{"count":0,"href":"https:\/\/masquenoticiastucuman.com.ar\/index.php?rest_route=\/wp\/v2\/posts\/3531\/revisions"}],"wp:attachment":[{"href":"https:\/\/masquenoticiastucuman.com.ar\/index.php?rest_route=%2Fwp%2Fv2%2Fmedia&parent=3531"}],"wp:term":[{"taxonomy":"category","embeddable":true,"href":"https:\/\/masquenoticiastucuman.com.ar\/index.php?rest_route=%2Fwp%2Fv2%2Fcategories&post=3531"},{"taxonomy":"post_tag","embeddable":true,"href":"https:\/\/masquenoticiastucuman.com.ar\/index.php?rest_route=%2Fwp%2Fv2%2Ftags&post=3531"}],"curies":[{"name":"wp","href":"https:\/\/api.w.org\/{rel}","templated":true}]}}