{"id":3534,"date":"2024-08-28T18:01:04","date_gmt":"2024-08-28T21:01:04","guid":{"rendered":"http:\/\/masquenoticiastucuman.com.ar\/?p=3534"},"modified":"2024-08-28T18:01:04","modified_gmt":"2024-08-28T21:01:04","slug":"river-presento-su-nueva-camiseta-con-un-diseno-similar-al-de-1986-cuando-fue-campeon-de-la-libertadores-y-obtuvo-por-unica-vez-la-copa-intercontinental","status":"publish","type":"post","link":"https:\/\/masquenoticiastucuman.com.ar\/?p=3534","title":{"rendered":"River present\u00f3 su nueva camiseta con un dise\u00f1o similar al de 1986, cuando fue campe\u00f3n de la Libertadores y obtuvo por \u00fanica vez la Copa Intercontinental"},"content":{"rendered":"<p>El nuevo modelo de Adidas emula a aquel con el que el Millonario fue campe\u00f3n mundial.En la presentaci\u00f3n estuvo el Beto Alonso, figura de aquel equipo.Tambi\u00e9n particip\u00f3 Francescoli y jugadores del plantel actual.<\/p>","protected":false},"excerpt":{"rendered":"<p>El nuevo modelo de Adidas emula a aquel con el que el Millonario fue campe\u00f3n&#8230;<\/p>\n","protected":false},"author":0,"featured_media":0,"comment_status":"open","ping_status":"open","sticky":false,"template":"","format":"standard","meta":{"footnotes":""},"categories":[6],"tags":[],"class_list":["post-3534","post","type-post","status-publish","format-standard","hentry","category-deportes"],"_links":{"self":[{"href":"https:\/\/masquenoticiastucuman.com.ar\/index.php?rest_route=\/wp\/v2\/posts\/3534","targetHints":{"allow":["GET"]}}],"collection":[{"href":"https:\/\/masquenoticiastucuman.com.ar\/index.php?rest_route=\/wp\/v2\/posts"}],"about":[{"href":"https:\/\/masquenoticiastucuman.com.ar\/index.php?rest_route=\/wp\/v2\/types\/post"}],"replies":[{"embeddable":true,"href":"https:\/\/masquenoticiastucuman.com.ar\/index.php?rest_route=%2Fwp%2Fv2%2Fcomments&post=3534"}],"version-history":[{"count":0,"href":"https:\/\/masquenoticiastucuman.com.ar\/index.php?rest_route=\/wp\/v2\/posts\/3534\/revisions"}],"wp:attachment":[{"href":"https:\/\/masquenoticiastucuman.com.ar\/index.php?rest_route=%2Fwp%2Fv2%2Fmedia&parent=3534"}],"wp:term":[{"taxonomy":"category","embeddable":true,"href":"https:\/\/masquenoticiastucuman.com.ar\/index.php?rest_route=%2Fwp%2Fv2%2Fcategories&post=3534"},{"taxonomy":"post_tag","embeddable":true,"href":"https:\/\/masquenoticiastucuman.com.ar\/index.php?rest_route=%2Fwp%2Fv2%2Ftags&post=3534"}],"curies":[{"name":"wp","href":"https:\/\/api.w.org\/{rel}","templated":true}]}}