{"id":3543,"date":"2024-08-28T18:42:26","date_gmt":"2024-08-28T21:42:26","guid":{"rendered":"https:\/\/masquenoticiastucuman.com.ar\/?p=3543"},"modified":"2024-08-28T18:46:49","modified_gmt":"2024-08-28T21:46:49","slug":"marley-fue-denunciado-por-corrupcion-de-menores","status":"publish","type":"post","link":"https:\/\/masquenoticiastucuman.com.ar\/?p=3543","title":{"rendered":"Marley fue denunciado por corrupci\u00f3n de menores"},"content":{"rendered":"\n<p>Marley <strong>fue denunciado por supuesta corrupci\u00f3n de menores.<\/strong>\u00a0La acusaci\u00f3n fue realizada por\u00a0<strong>Adri\u00e1n Alfredo Molina<\/strong>, quien vive en Miami y viaj\u00f3 a la Argentina para realizar la presentaci\u00f3n judicial.<\/p>\n\n\n\n<p>La presunta v\u00edctima relat\u00f3 en la denuncia c\u00f3mo habr\u00eda empezado su v\u00ednculo con el conductor en 1996 y detalla los encuentros en los que habr\u00edan ocurrido los abusos sexuales.<\/p>\n\n\n\n<p>La presunta v\u00edctima relat\u00f3 en la denuncia c\u00f3mo habr\u00eda empezado su v\u00ednculo con el conductor en 1996 y detalla los encuentros en los que habr\u00edan ocurrido los abusos sexuales.<\/p>\n\n\n\n<p>Dado que la causa prescribi\u00f3, el denunciante solicita el\u00a0<strong>\u201cjuicio por la verdad\u201d\u00a0<\/strong>-en este caso, si el imputado resulta culpable no tiene una pena entendida en los t\u00e9rminos del C\u00f3digo Penal-.<\/p>\n\n\n\n<h2 class=\"wp-block-heading\">Qu\u00e9 dice la denuncia contra Marley<\/h2>\n\n\n\n<p>De acuerdo a la presentaci\u00f3n judicial hecha por Adri\u00e1n Alfredo Molina, \u00e9l conoci\u00f3 a Marley a trav\u00e9s de Internet. En primera instancia, no supo que se trataba de una figura de la televisi\u00f3n.<\/p>\n\n\n\n<p><strong>\u201cFue \u00e9l quien tom\u00f3 ventaja de m\u00ed e influy\u00f3 en mi normal desarrollo psicosexual\u201d<\/strong>, dijo sobre relaci\u00f3n que inici\u00f3 como una amistad y se habr\u00eda convertido en un v\u00ednculo meramente sexual:<\/p>\n\n\n\n<p>\u201cA mediados de la d\u00e9cada de los 90 mi padre adquiri\u00f3 una computadora la cual me introdujo al mundo de la navegaci\u00f3n en las p\u00e1ginas web.<strong>&nbsp;En esas cosas, a principios del a\u00f1o 96, con 17 a\u00f1os, conoc\u00ed a una persona, la cual se identific\u00f3 con un alias<\/strong>, ocultando su verdadera identidad\u201d, comenz\u00f3 diciendo en la denuncia.<\/p>\n\n\n\n<p><\/p>\n","protected":false},"excerpt":{"rendered":"<p>Marley fue denunciado por supuesta corrupci\u00f3n de menores.\u00a0La acusaci\u00f3n fue realizada por\u00a0Adri\u00e1n Alfredo Molina, quien&#8230;<\/p>\n","protected":false},"author":2,"featured_media":0,"comment_status":"open","ping_status":"open","sticky":false,"template":"","format":"standard","meta":{"footnotes":""},"categories":[5],"tags":[],"class_list":["post-3543","post","type-post","status-publish","format-standard","hentry","category-espectaculo"],"_links":{"self":[{"href":"https:\/\/masquenoticiastucuman.com.ar\/index.php?rest_route=\/wp\/v2\/posts\/3543","targetHints":{"allow":["GET"]}}],"collection":[{"href":"https:\/\/masquenoticiastucuman.com.ar\/index.php?rest_route=\/wp\/v2\/posts"}],"about":[{"href":"https:\/\/masquenoticiastucuman.com.ar\/index.php?rest_route=\/wp\/v2\/types\/post"}],"author":[{"embeddable":true,"href":"https:\/\/masquenoticiastucuman.com.ar\/index.php?rest_route=\/wp\/v2\/users\/2"}],"replies":[{"embeddable":true,"href":"https:\/\/masquenoticiastucuman.com.ar\/index.php?rest_route=%2Fwp%2Fv2%2Fcomments&post=3543"}],"version-history":[{"count":1,"href":"https:\/\/masquenoticiastucuman.com.ar\/index.php?rest_route=\/wp\/v2\/posts\/3543\/revisions"}],"predecessor-version":[{"id":3545,"href":"https:\/\/masquenoticiastucuman.com.ar\/index.php?rest_route=\/wp\/v2\/posts\/3543\/revisions\/3545"}],"wp:attachment":[{"href":"https:\/\/masquenoticiastucuman.com.ar\/index.php?rest_route=%2Fwp%2Fv2%2Fmedia&parent=3543"}],"wp:term":[{"taxonomy":"category","embeddable":true,"href":"https:\/\/masquenoticiastucuman.com.ar\/index.php?rest_route=%2Fwp%2Fv2%2Fcategories&post=3543"},{"taxonomy":"post_tag","embeddable":true,"href":"https:\/\/masquenoticiastucuman.com.ar\/index.php?rest_route=%2Fwp%2Fv2%2Ftags&post=3543"}],"curies":[{"name":"wp","href":"https:\/\/api.w.org\/{rel}","templated":true}]}}