{"id":3546,"date":"2024-08-28T18:51:29","date_gmt":"2024-08-28T21:51:29","guid":{"rendered":"https:\/\/masquenoticiastucuman.com.ar\/?p=3546"},"modified":"2024-08-28T18:51:30","modified_gmt":"2024-08-28T21:51:30","slug":"el-denunciante-de-marley-hablo-en-intrusos","status":"publish","type":"post","link":"https:\/\/masquenoticiastucuman.com.ar\/?p=3546","title":{"rendered":"El denunciante de Marley habl\u00f3 en Intrusos"},"content":{"rendered":"\n<p>Adri\u00e1n Molina rompi\u00f3 el silencio en el programa conducido por Flor de la V tras su denuncia contra el conductor<\/p>\n\n\n\n<p>El denunciante de Marley por corrupci\u00f3n de menores,&nbsp;<strong>Adri\u00e1n Molina<\/strong>, rompi\u00f3 este mi\u00e9rcoles el silencio en el programa Intrusos y asegur\u00f3 que tuvo una relaci\u00f3n de tres a\u00f1os con el conductor.&nbsp;&#8220;Tuvimos una relaci\u00f3n de m\u00e1s de tres a\u00f1os. En ese momento ten\u00eda 17 a\u00f1os y me costaba salir del closet&#8221;,&nbsp;asegur\u00f3 Molina.<\/p>\n\n\n\n<p>Molina, hoy radicado en Miami, Estados Unidos, viaj\u00f3 a la Argentina para denunciar a Marley por corrupci\u00f3n de menores, y dio este mi\u00e9rcoles su primera entrevista a medios locales para contar su historia.<\/p>\n\n\n\n<p><strong>&#8220;Las cosas cuando pasan de peque\u00f1o no son procesadas hasta mucho tiempo despu\u00e9s, no ten\u00eda esas herramientas, las tuve que encontrar en terapia&#8221;<\/strong>, expres\u00f3 Molina, sentado en el living del programa &#8220;Intrusos&#8221;.<\/p>\n\n\n\n<p>Molina explic\u00f3 que que sali\u00f3 del cl\u00f3set a los 24 a\u00f1os, pero Marley&nbsp;<strong>&#8220;fue la primera persona que supo que era gay&#8221;<\/strong>, mucho antes de ese momento.<\/p>\n\n\n\n<p><strong>&#8220;Nos conocimos por Internet y se traslad\u00f3 a correo electr\u00f3nico. Ten\u00eda 17 a\u00f1os en esa \u00e9poca. Fue una relaci\u00f3n de m\u00e1s de tres a\u00f1os que era una relaci\u00f3n de abuso&#8221;<\/strong>, relat\u00f3 el denunciante.<\/p>\n\n\n\n<p>Siendo un adolescente, o un hombre de apenas 20 a\u00f1os, Molina no ten\u00eda las herramientas para identificar el abuso que sufr\u00eda pero con la distancia que otorga el tiempo logr\u00f3 articular:&nbsp;<strong>&#8220;No recuerdo palabras, s\u00ed sensaciones. Sentirme peque\u00f1o al ver esta persona. Sent\u00eda que estaba en un situaci\u00f3n que no era buena&#8221;<\/strong>.<\/p>\n\n\n\n<p><strong>&#8220;A esa edad mi cerebro no estaba desarrollado. Siempre hubo una sensaci\u00f3n de &#8216;me usaron&#8217;, lo digo ahora y me da escalofr\u00edos&#8221;<\/strong>, describi\u00f3 el hombre sobre la relaci\u00f3n que comenz\u00f3 en el a\u00f1o 1997 o 1998.<\/p>\n\n\n\n<p>En la entrevista Molina coment\u00f3 que termin\u00f3 el colegio en el 1996, y que&nbsp;<strong>&#8220;para una mente de 17 a\u00f1os fue mi primer pareja y una persona famosa&#8221;.<\/strong><\/p>\n\n\n\n<p><strong>&#8220;Mi actual pareja, que es abogado, fue quien me hizo las preguntas correctas&#8221;<\/strong>, reconoci\u00f3. Ese apoyo y esas preguntas lograron que Molina hablara de su historia e iniciara acciones penales contra Marley en el pa\u00eds donde transcurri\u00f3 su relaci\u00f3n, pero aclar\u00f3:&nbsp;<strong>&#8220;Nunca extorsion\u00e9 a esa persona por esto&#8221;<\/strong>.<\/p>\n","protected":false},"excerpt":{"rendered":"<p>Adri\u00e1n Molina rompi\u00f3 el silencio en el programa conducido por Flor de la V tras&#8230;<\/p>\n","protected":false},"author":2,"featured_media":0,"comment_status":"open","ping_status":"open","sticky":false,"template":"","format":"standard","meta":{"footnotes":""},"categories":[5],"tags":[],"class_list":["post-3546","post","type-post","status-publish","format-standard","hentry","category-espectaculo"],"_links":{"self":[{"href":"https:\/\/masquenoticiastucuman.com.ar\/index.php?rest_route=\/wp\/v2\/posts\/3546","targetHints":{"allow":["GET"]}}],"collection":[{"href":"https:\/\/masquenoticiastucuman.com.ar\/index.php?rest_route=\/wp\/v2\/posts"}],"about":[{"href":"https:\/\/masquenoticiastucuman.com.ar\/index.php?rest_route=\/wp\/v2\/types\/post"}],"author":[{"embeddable":true,"href":"https:\/\/masquenoticiastucuman.com.ar\/index.php?rest_route=\/wp\/v2\/users\/2"}],"replies":[{"embeddable":true,"href":"https:\/\/masquenoticiastucuman.com.ar\/index.php?rest_route=%2Fwp%2Fv2%2Fcomments&post=3546"}],"version-history":[{"count":1,"href":"https:\/\/masquenoticiastucuman.com.ar\/index.php?rest_route=\/wp\/v2\/posts\/3546\/revisions"}],"predecessor-version":[{"id":3548,"href":"https:\/\/masquenoticiastucuman.com.ar\/index.php?rest_route=\/wp\/v2\/posts\/3546\/revisions\/3548"}],"wp:attachment":[{"href":"https:\/\/masquenoticiastucuman.com.ar\/index.php?rest_route=%2Fwp%2Fv2%2Fmedia&parent=3546"}],"wp:term":[{"taxonomy":"category","embeddable":true,"href":"https:\/\/masquenoticiastucuman.com.ar\/index.php?rest_route=%2Fwp%2Fv2%2Fcategories&post=3546"},{"taxonomy":"post_tag","embeddable":true,"href":"https:\/\/masquenoticiastucuman.com.ar\/index.php?rest_route=%2Fwp%2Fv2%2Ftags&post=3546"}],"curies":[{"name":"wp","href":"https:\/\/api.w.org\/{rel}","templated":true}]}}