{"id":3549,"date":"2024-08-28T19:01:02","date_gmt":"2024-08-28T22:01:02","guid":{"rendered":"http:\/\/masquenoticiastucuman.com.ar\/?p=3549"},"modified":"2024-08-28T19:01:02","modified_gmt":"2024-08-28T22:01:02","slug":"nicolas-tagliafico-se-bajo-de-la-seleccion-y-no-estara-en-la-doble-fecha-de-eliminatorias-quien-sera-su-reemplazante","status":"publish","type":"post","link":"https:\/\/masquenoticiastucuman.com.ar\/?p=3549","title":{"rendered":"Nicol\u00e1s Tagliafico se baj\u00f3 de la Selecci\u00f3n y no estar\u00e1 en la doble fecha de Eliminatorias: qui\u00e9n ser\u00e1 su reemplazante"},"content":{"rendered":"<p>El lateral izquierdo que juega en el Lyon de Francia no est\u00e1 bien f\u00edsicamente.El t\u00e9cnico del seleccionado tiene opciones en ese puesto pero tambi\u00e9n puede llamar al actual jugador de River.<\/p>","protected":false},"excerpt":{"rendered":"<p>El lateral izquierdo que juega en el Lyon de Francia no est\u00e1 bien f\u00edsicamente.El t\u00e9cnico&#8230;<\/p>\n","protected":false},"author":0,"featured_media":0,"comment_status":"open","ping_status":"open","sticky":false,"template":"","format":"standard","meta":{"footnotes":""},"categories":[6],"tags":[],"class_list":["post-3549","post","type-post","status-publish","format-standard","hentry","category-deportes"],"_links":{"self":[{"href":"https:\/\/masquenoticiastucuman.com.ar\/index.php?rest_route=\/wp\/v2\/posts\/3549","targetHints":{"allow":["GET"]}}],"collection":[{"href":"https:\/\/masquenoticiastucuman.com.ar\/index.php?rest_route=\/wp\/v2\/posts"}],"about":[{"href":"https:\/\/masquenoticiastucuman.com.ar\/index.php?rest_route=\/wp\/v2\/types\/post"}],"replies":[{"embeddable":true,"href":"https:\/\/masquenoticiastucuman.com.ar\/index.php?rest_route=%2Fwp%2Fv2%2Fcomments&post=3549"}],"version-history":[{"count":0,"href":"https:\/\/masquenoticiastucuman.com.ar\/index.php?rest_route=\/wp\/v2\/posts\/3549\/revisions"}],"wp:attachment":[{"href":"https:\/\/masquenoticiastucuman.com.ar\/index.php?rest_route=%2Fwp%2Fv2%2Fmedia&parent=3549"}],"wp:term":[{"taxonomy":"category","embeddable":true,"href":"https:\/\/masquenoticiastucuman.com.ar\/index.php?rest_route=%2Fwp%2Fv2%2Fcategories&post=3549"},{"taxonomy":"post_tag","embeddable":true,"href":"https:\/\/masquenoticiastucuman.com.ar\/index.php?rest_route=%2Fwp%2Fv2%2Ftags&post=3549"}],"curies":[{"name":"wp","href":"https:\/\/api.w.org\/{rel}","templated":true}]}}