{"id":3551,"date":"2024-08-28T19:01:04","date_gmt":"2024-08-28T22:01:04","guid":{"rendered":"http:\/\/masquenoticiastucuman.com.ar\/?p=3551"},"modified":"2024-08-28T19:01:04","modified_gmt":"2024-08-28T22:01:04","slug":"por-primera-vez-las-mujeres-de-brasil-podran-hacer-el-servicio-militar-de-manera-voluntaria","status":"publish","type":"post","link":"https:\/\/masquenoticiastucuman.com.ar\/?p=3551","title":{"rendered":"Por primera vez, las mujeres de Brasil podr\u00e1n hacer el servicio militar de manera voluntaria"},"content":{"rendered":"<p>Se incorporar\u00e1n seg\u00fan las necesidades de las Fuerzas Armadas y el per\u00edodo de servicio militar inicial, de 12 meses de duraci\u00f3n, podr\u00e1 ampliarse hasta por ocho a\u00f1os.Seg\u00fan el decreto firmado por el presidente Lula da Silva ser\u00e1n abiertos inicialmente 1.500 cupos.<\/p>","protected":false},"excerpt":{"rendered":"<p>Se incorporar\u00e1n seg\u00fan las necesidades de las Fuerzas Armadas y el per\u00edodo de servicio militar&#8230;<\/p>\n","protected":false},"author":0,"featured_media":0,"comment_status":"open","ping_status":"open","sticky":false,"template":"","format":"standard","meta":{"footnotes":""},"categories":[4],"tags":[],"class_list":["post-3551","post","type-post","status-publish","format-standard","hentry","category-internacionales"],"_links":{"self":[{"href":"https:\/\/masquenoticiastucuman.com.ar\/index.php?rest_route=\/wp\/v2\/posts\/3551","targetHints":{"allow":["GET"]}}],"collection":[{"href":"https:\/\/masquenoticiastucuman.com.ar\/index.php?rest_route=\/wp\/v2\/posts"}],"about":[{"href":"https:\/\/masquenoticiastucuman.com.ar\/index.php?rest_route=\/wp\/v2\/types\/post"}],"replies":[{"embeddable":true,"href":"https:\/\/masquenoticiastucuman.com.ar\/index.php?rest_route=%2Fwp%2Fv2%2Fcomments&post=3551"}],"version-history":[{"count":0,"href":"https:\/\/masquenoticiastucuman.com.ar\/index.php?rest_route=\/wp\/v2\/posts\/3551\/revisions"}],"wp:attachment":[{"href":"https:\/\/masquenoticiastucuman.com.ar\/index.php?rest_route=%2Fwp%2Fv2%2Fmedia&parent=3551"}],"wp:term":[{"taxonomy":"category","embeddable":true,"href":"https:\/\/masquenoticiastucuman.com.ar\/index.php?rest_route=%2Fwp%2Fv2%2Fcategories&post=3551"},{"taxonomy":"post_tag","embeddable":true,"href":"https:\/\/masquenoticiastucuman.com.ar\/index.php?rest_route=%2Fwp%2Fv2%2Ftags&post=3551"}],"curies":[{"name":"wp","href":"https:\/\/api.w.org\/{rel}","templated":true}]}}