{"id":3555,"date":"2024-08-28T20:01:03","date_gmt":"2024-08-28T23:01:03","guid":{"rendered":"http:\/\/masquenoticiastucuman.com.ar\/?p=3555"},"modified":"2024-08-28T20:01:03","modified_gmt":"2024-08-28T23:01:03","slug":"simeone-saco-a-julian-alvarez-en-el-entretiempo-el-atletico-de-madrid-empato-y-se-hizo-viral-por-una-frase-desafortunada-vamos-a-defender-bien","status":"publish","type":"post","link":"https:\/\/masquenoticiastucuman.com.ar\/?p=3555","title":{"rendered":"Simeone sac\u00f3 a Juli\u00e1n \u00c1lvarez en el entretiempo, el Atl\u00e9tico de Madrid empat\u00f3 y se hizo viral por una frase desafortunada: &#8220;Vamos a defender bien&#8221;"},"content":{"rendered":"<p>Fue 0 a 0 en el Metropolitano ante el Espanyol por La Liga de Espa\u00f1a.El DT argentino sac\u00f3 al cordob\u00e9s que tuvo un aceptable primer tiempo.Durante una pausa para que los futbolistas se refrescaran, pidi\u00f3 &#8220;defender&#8221; y no cay\u00f3 bien entre los hinchas.<\/p>","protected":false},"excerpt":{"rendered":"<p>Fue 0 a 0 en el Metropolitano ante el Espanyol por La Liga de Espa\u00f1a.El&#8230;<\/p>\n","protected":false},"author":0,"featured_media":0,"comment_status":"open","ping_status":"open","sticky":false,"template":"","format":"standard","meta":{"footnotes":""},"categories":[6],"tags":[],"class_list":["post-3555","post","type-post","status-publish","format-standard","hentry","category-deportes"],"_links":{"self":[{"href":"https:\/\/masquenoticiastucuman.com.ar\/index.php?rest_route=\/wp\/v2\/posts\/3555","targetHints":{"allow":["GET"]}}],"collection":[{"href":"https:\/\/masquenoticiastucuman.com.ar\/index.php?rest_route=\/wp\/v2\/posts"}],"about":[{"href":"https:\/\/masquenoticiastucuman.com.ar\/index.php?rest_route=\/wp\/v2\/types\/post"}],"replies":[{"embeddable":true,"href":"https:\/\/masquenoticiastucuman.com.ar\/index.php?rest_route=%2Fwp%2Fv2%2Fcomments&post=3555"}],"version-history":[{"count":0,"href":"https:\/\/masquenoticiastucuman.com.ar\/index.php?rest_route=\/wp\/v2\/posts\/3555\/revisions"}],"wp:attachment":[{"href":"https:\/\/masquenoticiastucuman.com.ar\/index.php?rest_route=%2Fwp%2Fv2%2Fmedia&parent=3555"}],"wp:term":[{"taxonomy":"category","embeddable":true,"href":"https:\/\/masquenoticiastucuman.com.ar\/index.php?rest_route=%2Fwp%2Fv2%2Fcategories&post=3555"},{"taxonomy":"post_tag","embeddable":true,"href":"https:\/\/masquenoticiastucuman.com.ar\/index.php?rest_route=%2Fwp%2Fv2%2Ftags&post=3555"}],"curies":[{"name":"wp","href":"https:\/\/api.w.org\/{rel}","templated":true}]}}