{"id":3557,"date":"2024-08-28T20:01:05","date_gmt":"2024-08-28T23:01:05","guid":{"rendered":"http:\/\/masquenoticiastucuman.com.ar\/?p=3557"},"modified":"2024-08-28T20:01:05","modified_gmt":"2024-08-28T23:01:05","slug":"ofensiva-chavista-la-fiscalia-de-venezuela-citara-por-tercera-vez-al-opositor-edmundo-gonzalez-por-conspiracion-y-asociacion-para-delinquir","status":"publish","type":"post","link":"https:\/\/masquenoticiastucuman.com.ar\/?p=3557","title":{"rendered":"Ofensiva chavista: la Fiscal\u00eda de Venezuela citar\u00e1 por tercera vez al opositor Edmundo Gonz\u00e1lez por &#8220;conspiraci\u00f3n y asociaci\u00f3n para delinquir&#8221;"},"content":{"rendered":"<p>Lo anunci\u00f3 el fiscal genera, Tarek William Saab, un hombre del ri\u00f1\u00f3n del r\u00e9gimen. E Indic\u00f3 que, en caso de que falte nuevamente a esta \u00faltima citaci\u00f3n, el Ministerio P\u00fablico anunciar\u00e1 &#8220;en su momento&#8221; la acci\u00f3n &#8220;correspondiente a que haya lugar en base a las leyes&#8221;.<\/p>","protected":false},"excerpt":{"rendered":"<p>Lo anunci\u00f3 el fiscal genera, Tarek William Saab, un hombre del ri\u00f1\u00f3n del r\u00e9gimen. E&#8230;<\/p>\n","protected":false},"author":0,"featured_media":0,"comment_status":"open","ping_status":"open","sticky":false,"template":"","format":"standard","meta":{"footnotes":""},"categories":[4],"tags":[],"class_list":["post-3557","post","type-post","status-publish","format-standard","hentry","category-internacionales"],"_links":{"self":[{"href":"https:\/\/masquenoticiastucuman.com.ar\/index.php?rest_route=\/wp\/v2\/posts\/3557","targetHints":{"allow":["GET"]}}],"collection":[{"href":"https:\/\/masquenoticiastucuman.com.ar\/index.php?rest_route=\/wp\/v2\/posts"}],"about":[{"href":"https:\/\/masquenoticiastucuman.com.ar\/index.php?rest_route=\/wp\/v2\/types\/post"}],"replies":[{"embeddable":true,"href":"https:\/\/masquenoticiastucuman.com.ar\/index.php?rest_route=%2Fwp%2Fv2%2Fcomments&post=3557"}],"version-history":[{"count":0,"href":"https:\/\/masquenoticiastucuman.com.ar\/index.php?rest_route=\/wp\/v2\/posts\/3557\/revisions"}],"wp:attachment":[{"href":"https:\/\/masquenoticiastucuman.com.ar\/index.php?rest_route=%2Fwp%2Fv2%2Fmedia&parent=3557"}],"wp:term":[{"taxonomy":"category","embeddable":true,"href":"https:\/\/masquenoticiastucuman.com.ar\/index.php?rest_route=%2Fwp%2Fv2%2Fcategories&post=3557"},{"taxonomy":"post_tag","embeddable":true,"href":"https:\/\/masquenoticiastucuman.com.ar\/index.php?rest_route=%2Fwp%2Fv2%2Ftags&post=3557"}],"curies":[{"name":"wp","href":"https:\/\/api.w.org\/{rel}","templated":true}]}}