{"id":3559,"date":"2024-08-28T20:01:06","date_gmt":"2024-08-28T23:01:06","guid":{"rendered":"http:\/\/masquenoticiastucuman.com.ar\/?p=3559"},"modified":"2024-08-28T20:01:06","modified_gmt":"2024-08-28T23:01:06","slug":"presentacion-ante-inversores-el-banco-central-admite-que-la-desinflacion-pierde-fuerza","status":"publish","type":"post","link":"https:\/\/masquenoticiastucuman.com.ar\/?p=3559","title":{"rendered":"Presentaci\u00f3n ante inversores: el Banco Central admite que la desinflaci\u00f3n pierde fuerza"},"content":{"rendered":"<p>Fue en una presentaci\u00f3n ante un foro de negocios con Estados Unidos.El n\u00famero dos de la entidad se mostr\u00f3 optimista.Los salarios y las tarifas, en el centro de la discusi\u00f3n.<\/p>","protected":false},"excerpt":{"rendered":"<p>Fue en una presentaci\u00f3n ante un foro de negocios con Estados Unidos.El n\u00famero dos de&#8230;<\/p>\n","protected":false},"author":0,"featured_media":0,"comment_status":"open","ping_status":"open","sticky":false,"template":"","format":"standard","meta":{"footnotes":""},"categories":[3],"tags":[],"class_list":["post-3559","post","type-post","status-publish","format-standard","hentry","category-nacionales"],"_links":{"self":[{"href":"https:\/\/masquenoticiastucuman.com.ar\/index.php?rest_route=\/wp\/v2\/posts\/3559","targetHints":{"allow":["GET"]}}],"collection":[{"href":"https:\/\/masquenoticiastucuman.com.ar\/index.php?rest_route=\/wp\/v2\/posts"}],"about":[{"href":"https:\/\/masquenoticiastucuman.com.ar\/index.php?rest_route=\/wp\/v2\/types\/post"}],"replies":[{"embeddable":true,"href":"https:\/\/masquenoticiastucuman.com.ar\/index.php?rest_route=%2Fwp%2Fv2%2Fcomments&post=3559"}],"version-history":[{"count":0,"href":"https:\/\/masquenoticiastucuman.com.ar\/index.php?rest_route=\/wp\/v2\/posts\/3559\/revisions"}],"wp:attachment":[{"href":"https:\/\/masquenoticiastucuman.com.ar\/index.php?rest_route=%2Fwp%2Fv2%2Fmedia&parent=3559"}],"wp:term":[{"taxonomy":"category","embeddable":true,"href":"https:\/\/masquenoticiastucuman.com.ar\/index.php?rest_route=%2Fwp%2Fv2%2Fcategories&post=3559"},{"taxonomy":"post_tag","embeddable":true,"href":"https:\/\/masquenoticiastucuman.com.ar\/index.php?rest_route=%2Fwp%2Fv2%2Ftags&post=3559"}],"curies":[{"name":"wp","href":"https:\/\/api.w.org\/{rel}","templated":true}]}}