{"id":3627,"date":"2024-08-29T12:01:05","date_gmt":"2024-08-29T15:01:05","guid":{"rendered":"http:\/\/masquenoticiastucuman.com.ar\/?p=3627"},"modified":"2024-08-29T12:01:05","modified_gmt":"2024-08-29T15:01:05","slug":"rating-del-miercoles-marley-le-rindio-a-lam-y-al-noticiero-de-telefe-pero-que-paso-con-survivor-su-propio-programa","status":"publish","type":"post","link":"https:\/\/masquenoticiastucuman.com.ar\/?p=3627","title":{"rendered":"Rating del mi\u00e9rcoles: Marley le rindi\u00f3 a &#8220;LAM&#8221; y al noticiero de Telefe, pero \u00bfqu\u00e9 pas\u00f3 con &#8220;Survivor&#8221;, su propio programa?"},"content":{"rendered":"<p>En medio de las acusaciones en su contra, el conductor de Telefe dio entrevistas durante el d\u00eda.El reality de supervivencia que conduce en el prime time la tuvo dif\u00edcil contra Guido Kaczka.El &#8220;Cris Morena Day&#8221; en el streaming de Olga tuvo audiencia r\u00e9cord, con medici\u00f3n no comparable con la de la TV abierta.Los m\u00e1s vistos de cada canal.<\/p>","protected":false},"excerpt":{"rendered":"<p>En medio de las acusaciones en su contra, el conductor de Telefe dio entrevistas durante&#8230;<\/p>\n","protected":false},"author":0,"featured_media":0,"comment_status":"open","ping_status":"open","sticky":false,"template":"","format":"standard","meta":{"footnotes":""},"categories":[5],"tags":[],"class_list":["post-3627","post","type-post","status-publish","format-standard","hentry","category-espectaculo"],"_links":{"self":[{"href":"https:\/\/masquenoticiastucuman.com.ar\/index.php?rest_route=\/wp\/v2\/posts\/3627","targetHints":{"allow":["GET"]}}],"collection":[{"href":"https:\/\/masquenoticiastucuman.com.ar\/index.php?rest_route=\/wp\/v2\/posts"}],"about":[{"href":"https:\/\/masquenoticiastucuman.com.ar\/index.php?rest_route=\/wp\/v2\/types\/post"}],"replies":[{"embeddable":true,"href":"https:\/\/masquenoticiastucuman.com.ar\/index.php?rest_route=%2Fwp%2Fv2%2Fcomments&post=3627"}],"version-history":[{"count":0,"href":"https:\/\/masquenoticiastucuman.com.ar\/index.php?rest_route=\/wp\/v2\/posts\/3627\/revisions"}],"wp:attachment":[{"href":"https:\/\/masquenoticiastucuman.com.ar\/index.php?rest_route=%2Fwp%2Fv2%2Fmedia&parent=3627"}],"wp:term":[{"taxonomy":"category","embeddable":true,"href":"https:\/\/masquenoticiastucuman.com.ar\/index.php?rest_route=%2Fwp%2Fv2%2Fcategories&post=3627"},{"taxonomy":"post_tag","embeddable":true,"href":"https:\/\/masquenoticiastucuman.com.ar\/index.php?rest_route=%2Fwp%2Fv2%2Ftags&post=3627"}],"curies":[{"name":"wp","href":"https:\/\/api.w.org\/{rel}","templated":true}]}}