{"id":3629,"date":"2024-08-29T12:01:07","date_gmt":"2024-08-29T15:01:07","guid":{"rendered":"http:\/\/masquenoticiastucuman.com.ar\/?p=3629"},"modified":"2024-08-29T12:01:07","modified_gmt":"2024-08-29T15:01:07","slug":"franco-colapinto-y-sus-primeras-palabras-desde-monza-a-horas-de-subirse-a-un-formula-1-estoy-super-emocionado","status":"publish","type":"post","link":"https:\/\/masquenoticiastucuman.com.ar\/?p=3629","title":{"rendered":"Franco Colapinto y sus primeras palabras desde Monza, a horas de subirse a un F\u00f3rmula 1: &#8220;Estoy s\u00faper emocionado&#8221;"},"content":{"rendered":"<p>El piloto argentino de 21 a\u00f1os debuta en el Gran Premio de Italia.En Williams ya tienen claro cu\u00e1l ser\u00e1 el objetivo para la carrera.Este viernes comienza la acci\u00f3n, con los primeros ensayos libres.<\/p>","protected":false},"excerpt":{"rendered":"<p>El piloto argentino de 21 a\u00f1os debuta en el Gran Premio de Italia.En Williams ya&#8230;<\/p>\n","protected":false},"author":0,"featured_media":0,"comment_status":"open","ping_status":"open","sticky":false,"template":"","format":"standard","meta":{"footnotes":""},"categories":[6],"tags":[],"class_list":["post-3629","post","type-post","status-publish","format-standard","hentry","category-deportes"],"_links":{"self":[{"href":"https:\/\/masquenoticiastucuman.com.ar\/index.php?rest_route=\/wp\/v2\/posts\/3629","targetHints":{"allow":["GET"]}}],"collection":[{"href":"https:\/\/masquenoticiastucuman.com.ar\/index.php?rest_route=\/wp\/v2\/posts"}],"about":[{"href":"https:\/\/masquenoticiastucuman.com.ar\/index.php?rest_route=\/wp\/v2\/types\/post"}],"replies":[{"embeddable":true,"href":"https:\/\/masquenoticiastucuman.com.ar\/index.php?rest_route=%2Fwp%2Fv2%2Fcomments&post=3629"}],"version-history":[{"count":0,"href":"https:\/\/masquenoticiastucuman.com.ar\/index.php?rest_route=\/wp\/v2\/posts\/3629\/revisions"}],"wp:attachment":[{"href":"https:\/\/masquenoticiastucuman.com.ar\/index.php?rest_route=%2Fwp%2Fv2%2Fmedia&parent=3629"}],"wp:term":[{"taxonomy":"category","embeddable":true,"href":"https:\/\/masquenoticiastucuman.com.ar\/index.php?rest_route=%2Fwp%2Fv2%2Fcategories&post=3629"},{"taxonomy":"post_tag","embeddable":true,"href":"https:\/\/masquenoticiastucuman.com.ar\/index.php?rest_route=%2Fwp%2Fv2%2Ftags&post=3629"}],"curies":[{"name":"wp","href":"https:\/\/api.w.org\/{rel}","templated":true}]}}