{"id":3669,"date":"2024-08-29T17:01:06","date_gmt":"2024-08-29T20:01:06","guid":{"rendered":"http:\/\/masquenoticiastucuman.com.ar\/?p=3669"},"modified":"2024-08-29T17:01:06","modified_gmt":"2024-08-29T20:01:06","slug":"la-guerra-en-gaza-israel-acepto-pausas-humanitarias-para-una-campana-de-vacunacion-contra-la-polio-en-la-franja","status":"publish","type":"post","link":"https:\/\/masquenoticiastucuman.com.ar\/?p=3669","title":{"rendered":"La guerra en Gaza: Israel acept\u00f3 &#8220;pausas humanitarias&#8221; para una campa\u00f1a de vacunaci\u00f3n contra la polio en la Franja"},"content":{"rendered":"<p>Lo inform\u00f3 este jueves la Organizaci\u00f3n Mundial de la Salud (OMS). Ser\u00e1 por tres d\u00edas desde el 1\u00b0 de septiembre.La organizaci\u00f3n terrorista Hamas recibi\u00f3 &#8220;con satisfacci\u00f3n&#8221; la petici\u00f3n de la ONU de establecer esas treguas.<\/p>","protected":false},"excerpt":{"rendered":"<p>Lo inform\u00f3 este jueves la Organizaci\u00f3n Mundial de la Salud (OMS). Ser\u00e1 por tres d\u00edas&#8230;<\/p>\n","protected":false},"author":0,"featured_media":0,"comment_status":"open","ping_status":"open","sticky":false,"template":"","format":"standard","meta":{"footnotes":""},"categories":[4],"tags":[],"class_list":["post-3669","post","type-post","status-publish","format-standard","hentry","category-internacionales"],"_links":{"self":[{"href":"https:\/\/masquenoticiastucuman.com.ar\/index.php?rest_route=\/wp\/v2\/posts\/3669","targetHints":{"allow":["GET"]}}],"collection":[{"href":"https:\/\/masquenoticiastucuman.com.ar\/index.php?rest_route=\/wp\/v2\/posts"}],"about":[{"href":"https:\/\/masquenoticiastucuman.com.ar\/index.php?rest_route=\/wp\/v2\/types\/post"}],"replies":[{"embeddable":true,"href":"https:\/\/masquenoticiastucuman.com.ar\/index.php?rest_route=%2Fwp%2Fv2%2Fcomments&post=3669"}],"version-history":[{"count":0,"href":"https:\/\/masquenoticiastucuman.com.ar\/index.php?rest_route=\/wp\/v2\/posts\/3669\/revisions"}],"wp:attachment":[{"href":"https:\/\/masquenoticiastucuman.com.ar\/index.php?rest_route=%2Fwp%2Fv2%2Fmedia&parent=3669"}],"wp:term":[{"taxonomy":"category","embeddable":true,"href":"https:\/\/masquenoticiastucuman.com.ar\/index.php?rest_route=%2Fwp%2Fv2%2Fcategories&post=3669"},{"taxonomy":"post_tag","embeddable":true,"href":"https:\/\/masquenoticiastucuman.com.ar\/index.php?rest_route=%2Fwp%2Fv2%2Ftags&post=3669"}],"curies":[{"name":"wp","href":"https:\/\/api.w.org\/{rel}","templated":true}]}}