{"id":3671,"date":"2024-08-29T18:01:02","date_gmt":"2024-08-29T21:01:02","guid":{"rendered":"http:\/\/masquenoticiastucuman.com.ar\/?p=3671"},"modified":"2024-08-29T18:01:02","modified_gmt":"2024-08-29T21:01:02","slug":"fuerte-caida-en-las-ventas-de-maquinaria-agricola-en-el-segundo-trimestre-del-ano","status":"publish","type":"post","link":"https:\/\/masquenoticiastucuman.com.ar\/?p=3671","title":{"rendered":"Fuerte ca\u00edda en las ventas de maquinaria agr\u00edcola en el segundo trimestre del a\u00f1o"},"content":{"rendered":"<p>Solo las sembradoras mostraron un alza en la cantidad de unidades vendidas respecto del segundo trimestre de 2023. Se vendi\u00f3 un 27 por ciento menos de tractores, principal rubro del mercado. El crecimiento en la facturaci\u00f3n total no llega a equiparar a la inflaci\u00f3n. <\/p>","protected":false},"excerpt":{"rendered":"<p>Solo las sembradoras mostraron un alza en la cantidad de unidades vendidas respecto del segundo&#8230;<\/p>\n","protected":false},"author":0,"featured_media":0,"comment_status":"open","ping_status":"open","sticky":false,"template":"","format":"standard","meta":{"footnotes":""},"categories":[1],"tags":[],"class_list":["post-3671","post","type-post","status-publish","format-standard","hentry","category-uncategorized"],"_links":{"self":[{"href":"https:\/\/masquenoticiastucuman.com.ar\/index.php?rest_route=\/wp\/v2\/posts\/3671","targetHints":{"allow":["GET"]}}],"collection":[{"href":"https:\/\/masquenoticiastucuman.com.ar\/index.php?rest_route=\/wp\/v2\/posts"}],"about":[{"href":"https:\/\/masquenoticiastucuman.com.ar\/index.php?rest_route=\/wp\/v2\/types\/post"}],"replies":[{"embeddable":true,"href":"https:\/\/masquenoticiastucuman.com.ar\/index.php?rest_route=%2Fwp%2Fv2%2Fcomments&post=3671"}],"version-history":[{"count":0,"href":"https:\/\/masquenoticiastucuman.com.ar\/index.php?rest_route=\/wp\/v2\/posts\/3671\/revisions"}],"wp:attachment":[{"href":"https:\/\/masquenoticiastucuman.com.ar\/index.php?rest_route=%2Fwp%2Fv2%2Fmedia&parent=3671"}],"wp:term":[{"taxonomy":"category","embeddable":true,"href":"https:\/\/masquenoticiastucuman.com.ar\/index.php?rest_route=%2Fwp%2Fv2%2Fcategories&post=3671"},{"taxonomy":"post_tag","embeddable":true,"href":"https:\/\/masquenoticiastucuman.com.ar\/index.php?rest_route=%2Fwp%2Fv2%2Ftags&post=3671"}],"curies":[{"name":"wp","href":"https:\/\/api.w.org\/{rel}","templated":true}]}}