{"id":3673,"date":"2024-08-29T18:01:04","date_gmt":"2024-08-29T21:01:04","guid":{"rendered":"http:\/\/masquenoticiastucuman.com.ar\/?p=3673"},"modified":"2024-08-29T18:01:04","modified_gmt":"2024-08-29T21:01:04","slug":"boca-cerro-a-su-septimo-refuerzo-juan-barinaga-se-sumara-al-plantel-que-conduce-diego-martinez","status":"publish","type":"post","link":"https:\/\/masquenoticiastucuman.com.ar\/?p=3673","title":{"rendered":"Boca cerr\u00f3 a su s\u00e9ptimo refuerzo: Juan Barinaga se sumar\u00e1 al plantel que conduce Diego Mart\u00ednez"},"content":{"rendered":"<p>El Consejo de F\u00fatbol tiene todo acordado con Belgrano por el lateral derecho.Este viernes se realizar\u00e1 la revisi\u00f3n m\u00e9dica y luego firmar\u00e1 su contrato.Llega para cubrir el puesto de Luis Adv\u00edncula, que no estar\u00e1 ante Talleres por la Copa Argentina.<\/p>","protected":false},"excerpt":{"rendered":"<p>El Consejo de F\u00fatbol tiene todo acordado con Belgrano por el lateral derecho.Este viernes se&#8230;<\/p>\n","protected":false},"author":0,"featured_media":0,"comment_status":"open","ping_status":"open","sticky":false,"template":"","format":"standard","meta":{"footnotes":""},"categories":[6],"tags":[],"class_list":["post-3673","post","type-post","status-publish","format-standard","hentry","category-deportes"],"_links":{"self":[{"href":"https:\/\/masquenoticiastucuman.com.ar\/index.php?rest_route=\/wp\/v2\/posts\/3673","targetHints":{"allow":["GET"]}}],"collection":[{"href":"https:\/\/masquenoticiastucuman.com.ar\/index.php?rest_route=\/wp\/v2\/posts"}],"about":[{"href":"https:\/\/masquenoticiastucuman.com.ar\/index.php?rest_route=\/wp\/v2\/types\/post"}],"replies":[{"embeddable":true,"href":"https:\/\/masquenoticiastucuman.com.ar\/index.php?rest_route=%2Fwp%2Fv2%2Fcomments&post=3673"}],"version-history":[{"count":0,"href":"https:\/\/masquenoticiastucuman.com.ar\/index.php?rest_route=\/wp\/v2\/posts\/3673\/revisions"}],"wp:attachment":[{"href":"https:\/\/masquenoticiastucuman.com.ar\/index.php?rest_route=%2Fwp%2Fv2%2Fmedia&parent=3673"}],"wp:term":[{"taxonomy":"category","embeddable":true,"href":"https:\/\/masquenoticiastucuman.com.ar\/index.php?rest_route=%2Fwp%2Fv2%2Fcategories&post=3673"},{"taxonomy":"post_tag","embeddable":true,"href":"https:\/\/masquenoticiastucuman.com.ar\/index.php?rest_route=%2Fwp%2Fv2%2Ftags&post=3673"}],"curies":[{"name":"wp","href":"https:\/\/api.w.org\/{rel}","templated":true}]}}