{"id":3728,"date":"2024-08-30T00:01:03","date_gmt":"2024-08-30T03:01:03","guid":{"rendered":"http:\/\/masquenoticiastucuman.com.ar\/?p=3728"},"modified":"2024-08-30T00:01:03","modified_gmt":"2024-08-30T03:01:03","slug":"quilmes-rock-2025-todos-los-confirmados-lebon-y-aznar-haran-un-homenaje-a-seru-giran-se-sumara-charly-garcia","status":"publish","type":"post","link":"https:\/\/masquenoticiastucuman.com.ar\/?p=3728","title":{"rendered":"Quilmes Rock 2025, todos los confirmados: Leb\u00f3n y Aznar har\u00e1n un homenaje a Ser\u00fa Gir\u00e1n, \u00bfse sumar\u00e1 Charly Garc\u00eda?"},"content":{"rendered":"<p>Se realiz\u00f3 una conferencia donde se anunciaron casi todos los artistas del mega festival.Habr\u00e1 casi 200 grupos y solistas, pero no se dijo nada sobre Los Piojos.<\/p>","protected":false},"excerpt":{"rendered":"<p>Se realiz\u00f3 una conferencia donde se anunciaron casi todos los artistas del mega festival.Habr\u00e1 casi&#8230;<\/p>\n","protected":false},"author":0,"featured_media":0,"comment_status":"open","ping_status":"open","sticky":false,"template":"","format":"standard","meta":{"footnotes":""},"categories":[5],"tags":[],"class_list":["post-3728","post","type-post","status-publish","format-standard","hentry","category-espectaculo"],"_links":{"self":[{"href":"https:\/\/masquenoticiastucuman.com.ar\/index.php?rest_route=\/wp\/v2\/posts\/3728","targetHints":{"allow":["GET"]}}],"collection":[{"href":"https:\/\/masquenoticiastucuman.com.ar\/index.php?rest_route=\/wp\/v2\/posts"}],"about":[{"href":"https:\/\/masquenoticiastucuman.com.ar\/index.php?rest_route=\/wp\/v2\/types\/post"}],"replies":[{"embeddable":true,"href":"https:\/\/masquenoticiastucuman.com.ar\/index.php?rest_route=%2Fwp%2Fv2%2Fcomments&post=3728"}],"version-history":[{"count":0,"href":"https:\/\/masquenoticiastucuman.com.ar\/index.php?rest_route=\/wp\/v2\/posts\/3728\/revisions"}],"wp:attachment":[{"href":"https:\/\/masquenoticiastucuman.com.ar\/index.php?rest_route=%2Fwp%2Fv2%2Fmedia&parent=3728"}],"wp:term":[{"taxonomy":"category","embeddable":true,"href":"https:\/\/masquenoticiastucuman.com.ar\/index.php?rest_route=%2Fwp%2Fv2%2Fcategories&post=3728"},{"taxonomy":"post_tag","embeddable":true,"href":"https:\/\/masquenoticiastucuman.com.ar\/index.php?rest_route=%2Fwp%2Fv2%2Ftags&post=3728"}],"curies":[{"name":"wp","href":"https:\/\/api.w.org\/{rel}","templated":true}]}}