{"id":3730,"date":"2024-08-30T00:01:04","date_gmt":"2024-08-30T03:01:04","guid":{"rendered":"http:\/\/masquenoticiastucuman.com.ar\/?p=3730"},"modified":"2024-08-30T00:01:04","modified_gmt":"2024-08-30T03:01:04","slug":"san-telmo-sin-localia-y-a-puertas-cerradas-hasta-fin-de-ano-en-la-primera-nacional-por-una-durisima-sancion-de-la-aprevide","status":"publish","type":"post","link":"https:\/\/masquenoticiastucuman.com.ar\/?p=3730","title":{"rendered":"San Telmo, sin local\u00eda y a puertas cerradas hasta fin de a\u00f1o en la Primera Nacional por una dur\u00edsima sanci\u00f3n de la Aprevide"},"content":{"rendered":"<p>Tendr\u00e1 que disputar sus encuentros de la Segunda Divisi\u00f3n en estadio neutral.Es por los incidentes que ocasion\u00f3 contra Aldosivi de Mar del Plata y Defensores de Belgrano.Est\u00e1 a cuatro puntos del l\u00edder Nueva Chicago.<\/p>","protected":false},"excerpt":{"rendered":"<p>Tendr\u00e1 que disputar sus encuentros de la Segunda Divisi\u00f3n en estadio neutral.Es por los incidentes&#8230;<\/p>\n","protected":false},"author":0,"featured_media":0,"comment_status":"open","ping_status":"open","sticky":false,"template":"","format":"standard","meta":{"footnotes":""},"categories":[6],"tags":[],"class_list":["post-3730","post","type-post","status-publish","format-standard","hentry","category-deportes"],"_links":{"self":[{"href":"https:\/\/masquenoticiastucuman.com.ar\/index.php?rest_route=\/wp\/v2\/posts\/3730","targetHints":{"allow":["GET"]}}],"collection":[{"href":"https:\/\/masquenoticiastucuman.com.ar\/index.php?rest_route=\/wp\/v2\/posts"}],"about":[{"href":"https:\/\/masquenoticiastucuman.com.ar\/index.php?rest_route=\/wp\/v2\/types\/post"}],"replies":[{"embeddable":true,"href":"https:\/\/masquenoticiastucuman.com.ar\/index.php?rest_route=%2Fwp%2Fv2%2Fcomments&post=3730"}],"version-history":[{"count":0,"href":"https:\/\/masquenoticiastucuman.com.ar\/index.php?rest_route=\/wp\/v2\/posts\/3730\/revisions"}],"wp:attachment":[{"href":"https:\/\/masquenoticiastucuman.com.ar\/index.php?rest_route=%2Fwp%2Fv2%2Fmedia&parent=3730"}],"wp:term":[{"taxonomy":"category","embeddable":true,"href":"https:\/\/masquenoticiastucuman.com.ar\/index.php?rest_route=%2Fwp%2Fv2%2Fcategories&post=3730"},{"taxonomy":"post_tag","embeddable":true,"href":"https:\/\/masquenoticiastucuman.com.ar\/index.php?rest_route=%2Fwp%2Fv2%2Ftags&post=3730"}],"curies":[{"name":"wp","href":"https:\/\/api.w.org\/{rel}","templated":true}]}}