{"id":3734,"date":"2024-08-30T05:01:02","date_gmt":"2024-08-30T08:01:02","guid":{"rendered":"http:\/\/masquenoticiastucuman.com.ar\/?p=3734"},"modified":"2024-08-30T05:01:02","modified_gmt":"2024-08-30T08:01:02","slug":"no-pedia-mas-nada-que-eso-angel-di-maria-se-emociono-al-recordar-como-paso-de-los-insultos-a-las-ovaciones-en-la-seleccion","status":"publish","type":"post","link":"https:\/\/masquenoticiastucuman.com.ar\/?p=3734","title":{"rendered":"\u201cNo ped\u00eda m\u00e1s nada que eso\u201d: \u00c1ngel Di Mar\u00eda se emocion\u00f3 al recordar c\u00f3mo pas\u00f3 de los insultos a las ovaciones en la Selecci\u00f3n"},"content":{"rendered":"<p>Fideo se refiri\u00f3 a sus momentos m\u00e1s dif\u00edciles con la camiseta de Argentina y cont\u00f3 c\u00f3mo impactaban las cr\u00edticas en su familia.  El campe\u00f3n del mundo viene de ponerle fin a su carrera con la camiseta albiceleste luego de obtener el bicampeonato de Am\u00e9rica.<\/p>","protected":false},"excerpt":{"rendered":"<p>Fideo se refiri\u00f3 a sus momentos m\u00e1s dif\u00edciles con la camiseta de Argentina y cont\u00f3&#8230;<\/p>\n","protected":false},"author":0,"featured_media":0,"comment_status":"open","ping_status":"open","sticky":false,"template":"","format":"standard","meta":{"footnotes":""},"categories":[6],"tags":[],"class_list":["post-3734","post","type-post","status-publish","format-standard","hentry","category-deportes"],"_links":{"self":[{"href":"https:\/\/masquenoticiastucuman.com.ar\/index.php?rest_route=\/wp\/v2\/posts\/3734","targetHints":{"allow":["GET"]}}],"collection":[{"href":"https:\/\/masquenoticiastucuman.com.ar\/index.php?rest_route=\/wp\/v2\/posts"}],"about":[{"href":"https:\/\/masquenoticiastucuman.com.ar\/index.php?rest_route=\/wp\/v2\/types\/post"}],"replies":[{"embeddable":true,"href":"https:\/\/masquenoticiastucuman.com.ar\/index.php?rest_route=%2Fwp%2Fv2%2Fcomments&post=3734"}],"version-history":[{"count":0,"href":"https:\/\/masquenoticiastucuman.com.ar\/index.php?rest_route=\/wp\/v2\/posts\/3734\/revisions"}],"wp:attachment":[{"href":"https:\/\/masquenoticiastucuman.com.ar\/index.php?rest_route=%2Fwp%2Fv2%2Fmedia&parent=3734"}],"wp:term":[{"taxonomy":"category","embeddable":true,"href":"https:\/\/masquenoticiastucuman.com.ar\/index.php?rest_route=%2Fwp%2Fv2%2Fcategories&post=3734"},{"taxonomy":"post_tag","embeddable":true,"href":"https:\/\/masquenoticiastucuman.com.ar\/index.php?rest_route=%2Fwp%2Fv2%2Ftags&post=3734"}],"curies":[{"name":"wp","href":"https:\/\/api.w.org\/{rel}","templated":true}]}}