{"id":3742,"date":"2024-08-30T07:01:06","date_gmt":"2024-08-30T10:01:06","guid":{"rendered":"http:\/\/masquenoticiastucuman.com.ar\/?p=3742"},"modified":"2024-08-30T07:01:06","modified_gmt":"2024-08-30T10:01:06","slug":"franco-colapinto-a-fondo-como-fue-el-ano-de-su-meteorico-ascenso-a-la-formula-1","status":"publish","type":"post","link":"https:\/\/masquenoticiastucuman.com.ar\/?p=3742","title":{"rendered":"Franco Colapinto a fondo: c\u00f3mo fue el a\u00f1o de su mete\u00f3rico ascenso a la F\u00f3rmula 1"},"content":{"rendered":"<p>De brillar en la F\u00f3rmula 3 a ganarse un lugar en la F\u00f3rmula 2 y subirse por primera vez a un F1.El efecto domin\u00f3 de logros y un duro rev\u00e9s que llevaron al argentino a la m\u00e1xima categor\u00eda.<\/p>","protected":false},"excerpt":{"rendered":"<p>De brillar en la F\u00f3rmula 3 a ganarse un lugar en la F\u00f3rmula 2 y&#8230;<\/p>\n","protected":false},"author":0,"featured_media":0,"comment_status":"open","ping_status":"open","sticky":false,"template":"","format":"standard","meta":{"footnotes":""},"categories":[6],"tags":[],"class_list":["post-3742","post","type-post","status-publish","format-standard","hentry","category-deportes"],"_links":{"self":[{"href":"https:\/\/masquenoticiastucuman.com.ar\/index.php?rest_route=\/wp\/v2\/posts\/3742","targetHints":{"allow":["GET"]}}],"collection":[{"href":"https:\/\/masquenoticiastucuman.com.ar\/index.php?rest_route=\/wp\/v2\/posts"}],"about":[{"href":"https:\/\/masquenoticiastucuman.com.ar\/index.php?rest_route=\/wp\/v2\/types\/post"}],"replies":[{"embeddable":true,"href":"https:\/\/masquenoticiastucuman.com.ar\/index.php?rest_route=%2Fwp%2Fv2%2Fcomments&post=3742"}],"version-history":[{"count":0,"href":"https:\/\/masquenoticiastucuman.com.ar\/index.php?rest_route=\/wp\/v2\/posts\/3742\/revisions"}],"wp:attachment":[{"href":"https:\/\/masquenoticiastucuman.com.ar\/index.php?rest_route=%2Fwp%2Fv2%2Fmedia&parent=3742"}],"wp:term":[{"taxonomy":"category","embeddable":true,"href":"https:\/\/masquenoticiastucuman.com.ar\/index.php?rest_route=%2Fwp%2Fv2%2Fcategories&post=3742"},{"taxonomy":"post_tag","embeddable":true,"href":"https:\/\/masquenoticiastucuman.com.ar\/index.php?rest_route=%2Fwp%2Fv2%2Ftags&post=3742"}],"curies":[{"name":"wp","href":"https:\/\/api.w.org\/{rel}","templated":true}]}}