{"id":3766,"date":"2024-08-30T11:01:05","date_gmt":"2024-08-30T14:01:05","guid":{"rendered":"http:\/\/masquenoticiastucuman.com.ar\/?p=3766"},"modified":"2024-08-30T11:01:05","modified_gmt":"2024-08-30T14:01:05","slug":"ucrania-admite-que-uno-de-los-f16-donados-por-occidente-se-estrello","status":"publish","type":"post","link":"https:\/\/masquenoticiastucuman.com.ar\/?p=3766","title":{"rendered":"Ucrania admite que uno de los F16 donados por Occidente se estrell\u00f3"},"content":{"rendered":"<p>Ocurri\u00f3 el lunes, cuando Rusia lanz\u00f3 una masiva oleada de misiles contra ciudades ucranianas.El piloto muri\u00f3.<\/p>","protected":false},"excerpt":{"rendered":"<p>Ocurri\u00f3 el lunes, cuando Rusia lanz\u00f3 una masiva oleada de misiles contra ciudades ucranianas.El piloto&#8230;<\/p>\n","protected":false},"author":0,"featured_media":0,"comment_status":"open","ping_status":"open","sticky":false,"template":"","format":"standard","meta":{"footnotes":""},"categories":[4],"tags":[],"class_list":["post-3766","post","type-post","status-publish","format-standard","hentry","category-internacionales"],"_links":{"self":[{"href":"https:\/\/masquenoticiastucuman.com.ar\/index.php?rest_route=\/wp\/v2\/posts\/3766","targetHints":{"allow":["GET"]}}],"collection":[{"href":"https:\/\/masquenoticiastucuman.com.ar\/index.php?rest_route=\/wp\/v2\/posts"}],"about":[{"href":"https:\/\/masquenoticiastucuman.com.ar\/index.php?rest_route=\/wp\/v2\/types\/post"}],"replies":[{"embeddable":true,"href":"https:\/\/masquenoticiastucuman.com.ar\/index.php?rest_route=%2Fwp%2Fv2%2Fcomments&post=3766"}],"version-history":[{"count":0,"href":"https:\/\/masquenoticiastucuman.com.ar\/index.php?rest_route=\/wp\/v2\/posts\/3766\/revisions"}],"wp:attachment":[{"href":"https:\/\/masquenoticiastucuman.com.ar\/index.php?rest_route=%2Fwp%2Fv2%2Fmedia&parent=3766"}],"wp:term":[{"taxonomy":"category","embeddable":true,"href":"https:\/\/masquenoticiastucuman.com.ar\/index.php?rest_route=%2Fwp%2Fv2%2Fcategories&post=3766"},{"taxonomy":"post_tag","embeddable":true,"href":"https:\/\/masquenoticiastucuman.com.ar\/index.php?rest_route=%2Fwp%2Fv2%2Ftags&post=3766"}],"curies":[{"name":"wp","href":"https:\/\/api.w.org\/{rel}","templated":true}]}}