{"id":3770,"date":"2024-08-30T12:01:03","date_gmt":"2024-08-30T15:01:03","guid":{"rendered":"http:\/\/masquenoticiastucuman.com.ar\/?p=3770"},"modified":"2024-08-30T12:01:03","modified_gmt":"2024-08-30T15:01:03","slug":"con-nicole-kidman-y-antonio-banderas-llego-la-liberacion-sexual-al-festival-de-venecia","status":"publish","type":"post","link":"https:\/\/masquenoticiastucuman.com.ar\/?p=3770","title":{"rendered":"Con Nicole Kidman y Antonio Banderas, lleg\u00f3 la liberaci\u00f3n sexual al Festival de Venecia"},"content":{"rendered":"<p>Con escenas de sexo que rozaban el masoquismo, &#8220;Babygirl&#8221;, el filme con las dos grandes estrellas, subi\u00f3 la temperatura de la Mostra.La realizaci\u00f3n de la neerlandesa Halina Reijn compite por el Le\u00f3n de Oro.<\/p>","protected":false},"excerpt":{"rendered":"<p>Con escenas de sexo que rozaban el masoquismo, &#8220;Babygirl&#8221;, el filme con las dos grandes&#8230;<\/p>\n","protected":false},"author":0,"featured_media":0,"comment_status":"open","ping_status":"open","sticky":false,"template":"","format":"standard","meta":{"footnotes":""},"categories":[5],"tags":[],"class_list":["post-3770","post","type-post","status-publish","format-standard","hentry","category-espectaculo"],"_links":{"self":[{"href":"https:\/\/masquenoticiastucuman.com.ar\/index.php?rest_route=\/wp\/v2\/posts\/3770","targetHints":{"allow":["GET"]}}],"collection":[{"href":"https:\/\/masquenoticiastucuman.com.ar\/index.php?rest_route=\/wp\/v2\/posts"}],"about":[{"href":"https:\/\/masquenoticiastucuman.com.ar\/index.php?rest_route=\/wp\/v2\/types\/post"}],"replies":[{"embeddable":true,"href":"https:\/\/masquenoticiastucuman.com.ar\/index.php?rest_route=%2Fwp%2Fv2%2Fcomments&post=3770"}],"version-history":[{"count":0,"href":"https:\/\/masquenoticiastucuman.com.ar\/index.php?rest_route=\/wp\/v2\/posts\/3770\/revisions"}],"wp:attachment":[{"href":"https:\/\/masquenoticiastucuman.com.ar\/index.php?rest_route=%2Fwp%2Fv2%2Fmedia&parent=3770"}],"wp:term":[{"taxonomy":"category","embeddable":true,"href":"https:\/\/masquenoticiastucuman.com.ar\/index.php?rest_route=%2Fwp%2Fv2%2Fcategories&post=3770"},{"taxonomy":"post_tag","embeddable":true,"href":"https:\/\/masquenoticiastucuman.com.ar\/index.php?rest_route=%2Fwp%2Fv2%2Ftags&post=3770"}],"curies":[{"name":"wp","href":"https:\/\/api.w.org\/{rel}","templated":true}]}}