{"id":3786,"date":"2024-08-30T14:01:03","date_gmt":"2024-08-30T17:01:03","guid":{"rendered":"http:\/\/masquenoticiastucuman.com.ar\/?p=3786"},"modified":"2024-08-30T14:01:03","modified_gmt":"2024-08-30T17:01:03","slug":"sequia-en-formosa-y-fauna-en-peligro-la-preocupante-imagen-de-yacares-amontonados-en-un-riacho-en-busca-de-agua","status":"publish","type":"post","link":"https:\/\/masquenoticiastucuman.com.ar\/?p=3786","title":{"rendered":"Sequ\u00eda en Formosa y fauna en peligro: la preocupante imagen de yacar\u00e9s amontonados en un riacho en busca de agua"},"content":{"rendered":"<p>La provincia sufre una alarmante falta de precipitaciones desde hace meses.Los pron\u00f3sticos no avizoran lluvias en los pr\u00f3ximos d\u00edas.<\/p>","protected":false},"excerpt":{"rendered":"<p>La provincia sufre una alarmante falta de precipitaciones desde hace meses.Los pron\u00f3sticos no avizoran lluvias&#8230;<\/p>\n","protected":false},"author":0,"featured_media":0,"comment_status":"open","ping_status":"open","sticky":false,"template":"","format":"standard","meta":{"footnotes":""},"categories":[1],"tags":[],"class_list":["post-3786","post","type-post","status-publish","format-standard","hentry","category-uncategorized"],"_links":{"self":[{"href":"https:\/\/masquenoticiastucuman.com.ar\/index.php?rest_route=\/wp\/v2\/posts\/3786","targetHints":{"allow":["GET"]}}],"collection":[{"href":"https:\/\/masquenoticiastucuman.com.ar\/index.php?rest_route=\/wp\/v2\/posts"}],"about":[{"href":"https:\/\/masquenoticiastucuman.com.ar\/index.php?rest_route=\/wp\/v2\/types\/post"}],"replies":[{"embeddable":true,"href":"https:\/\/masquenoticiastucuman.com.ar\/index.php?rest_route=%2Fwp%2Fv2%2Fcomments&post=3786"}],"version-history":[{"count":0,"href":"https:\/\/masquenoticiastucuman.com.ar\/index.php?rest_route=\/wp\/v2\/posts\/3786\/revisions"}],"wp:attachment":[{"href":"https:\/\/masquenoticiastucuman.com.ar\/index.php?rest_route=%2Fwp%2Fv2%2Fmedia&parent=3786"}],"wp:term":[{"taxonomy":"category","embeddable":true,"href":"https:\/\/masquenoticiastucuman.com.ar\/index.php?rest_route=%2Fwp%2Fv2%2Fcategories&post=3786"},{"taxonomy":"post_tag","embeddable":true,"href":"https:\/\/masquenoticiastucuman.com.ar\/index.php?rest_route=%2Fwp%2Fv2%2Ftags&post=3786"}],"curies":[{"name":"wp","href":"https:\/\/api.w.org\/{rel}","templated":true}]}}