{"id":3804,"date":"2024-08-30T18:01:03","date_gmt":"2024-08-30T21:01:03","guid":{"rendered":"http:\/\/masquenoticiastucuman.com.ar\/?p=3804"},"modified":"2024-08-30T18:01:03","modified_gmt":"2024-08-30T21:01:03","slug":"el-nuevo-parte-medico-de-jorge-lanata-asegura-que-evoluciona-con-mejoria-de-su-estado-general","status":"publish","type":"post","link":"https:\/\/masquenoticiastucuman.com.ar\/?p=3804","title":{"rendered":"El nuevo parte m\u00e9dico de Jorge Lanata asegura que &#8220;Evoluciona con mejor\u00eda de su estado general&#8221;"},"content":{"rendered":"<p>Lo difundi\u00f3 su pareja, Elba Marcovecchio.El periodista est\u00e1 internado desde junio en el Hospital Italiano.<\/p>","protected":false},"excerpt":{"rendered":"<p>Lo difundi\u00f3 su pareja, Elba Marcovecchio.El periodista est\u00e1 internado desde junio en el Hospital Italiano.<\/p>\n","protected":false},"author":0,"featured_media":0,"comment_status":"open","ping_status":"open","sticky":false,"template":"","format":"standard","meta":{"footnotes":""},"categories":[5],"tags":[],"class_list":["post-3804","post","type-post","status-publish","format-standard","hentry","category-espectaculo"],"_links":{"self":[{"href":"https:\/\/masquenoticiastucuman.com.ar\/index.php?rest_route=\/wp\/v2\/posts\/3804","targetHints":{"allow":["GET"]}}],"collection":[{"href":"https:\/\/masquenoticiastucuman.com.ar\/index.php?rest_route=\/wp\/v2\/posts"}],"about":[{"href":"https:\/\/masquenoticiastucuman.com.ar\/index.php?rest_route=\/wp\/v2\/types\/post"}],"replies":[{"embeddable":true,"href":"https:\/\/masquenoticiastucuman.com.ar\/index.php?rest_route=%2Fwp%2Fv2%2Fcomments&post=3804"}],"version-history":[{"count":0,"href":"https:\/\/masquenoticiastucuman.com.ar\/index.php?rest_route=\/wp\/v2\/posts\/3804\/revisions"}],"wp:attachment":[{"href":"https:\/\/masquenoticiastucuman.com.ar\/index.php?rest_route=%2Fwp%2Fv2%2Fmedia&parent=3804"}],"wp:term":[{"taxonomy":"category","embeddable":true,"href":"https:\/\/masquenoticiastucuman.com.ar\/index.php?rest_route=%2Fwp%2Fv2%2Fcategories&post=3804"},{"taxonomy":"post_tag","embeddable":true,"href":"https:\/\/masquenoticiastucuman.com.ar\/index.php?rest_route=%2Fwp%2Fv2%2Ftags&post=3804"}],"curies":[{"name":"wp","href":"https:\/\/api.w.org\/{rel}","templated":true}]}}