{"id":3808,"date":"2024-08-30T18:01:08","date_gmt":"2024-08-30T21:01:08","guid":{"rendered":"http:\/\/masquenoticiastucuman.com.ar\/?p=3808"},"modified":"2024-08-30T18:01:08","modified_gmt":"2024-08-30T21:01:08","slug":"la-justicia-de-brasil-bloquea-la-red-social-x-y-escala-la-pelea-con-elon-musk","status":"publish","type":"post","link":"https:\/\/masquenoticiastucuman.com.ar\/?p=3808","title":{"rendered":"La Justicia de Brasil bloquea la red social X y escala la pelea con Elon Musk"},"content":{"rendered":"<p>El Tribunal Federal Supremo investiga a X por la supuesta propagaci\u00f3n de noticias falsas.El magnate acus\u00f3 de &#8220;censura&#8221; la decisi\u00f3n del juez que dict\u00f3 la sentencia y lo tild\u00f3 de &#8220;dictador malvado&#8221;.<\/p>","protected":false},"excerpt":{"rendered":"<p>El Tribunal Federal Supremo investiga a X por la supuesta propagaci\u00f3n de noticias falsas.El magnate&#8230;<\/p>\n","protected":false},"author":0,"featured_media":0,"comment_status":"open","ping_status":"open","sticky":false,"template":"","format":"standard","meta":{"footnotes":""},"categories":[4],"tags":[],"class_list":["post-3808","post","type-post","status-publish","format-standard","hentry","category-internacionales"],"_links":{"self":[{"href":"https:\/\/masquenoticiastucuman.com.ar\/index.php?rest_route=\/wp\/v2\/posts\/3808","targetHints":{"allow":["GET"]}}],"collection":[{"href":"https:\/\/masquenoticiastucuman.com.ar\/index.php?rest_route=\/wp\/v2\/posts"}],"about":[{"href":"https:\/\/masquenoticiastucuman.com.ar\/index.php?rest_route=\/wp\/v2\/types\/post"}],"replies":[{"embeddable":true,"href":"https:\/\/masquenoticiastucuman.com.ar\/index.php?rest_route=%2Fwp%2Fv2%2Fcomments&post=3808"}],"version-history":[{"count":0,"href":"https:\/\/masquenoticiastucuman.com.ar\/index.php?rest_route=\/wp\/v2\/posts\/3808\/revisions"}],"wp:attachment":[{"href":"https:\/\/masquenoticiastucuman.com.ar\/index.php?rest_route=%2Fwp%2Fv2%2Fmedia&parent=3808"}],"wp:term":[{"taxonomy":"category","embeddable":true,"href":"https:\/\/masquenoticiastucuman.com.ar\/index.php?rest_route=%2Fwp%2Fv2%2Fcategories&post=3808"},{"taxonomy":"post_tag","embeddable":true,"href":"https:\/\/masquenoticiastucuman.com.ar\/index.php?rest_route=%2Fwp%2Fv2%2Ftags&post=3808"}],"curies":[{"name":"wp","href":"https:\/\/api.w.org\/{rel}","templated":true}]}}