{"id":4000,"date":"2024-09-01T04:01:03","date_gmt":"2024-09-01T07:01:03","guid":{"rendered":"http:\/\/masquenoticiastucuman.com.ar\/?p=4000"},"modified":"2024-09-01T04:01:03","modified_gmt":"2024-09-01T07:01:03","slug":"franco-colapinto-en-la-f1-gp-de-italia-en-vivo-el-piloto-argentino-tiene-su-primera-carrera-en-monza-a-que-hora-es-como-verla-y-por-donde","status":"publish","type":"post","link":"https:\/\/masquenoticiastucuman.com.ar\/?p=4000","title":{"rendered":"Franco Colapinto en la F1, GP de Italia, EN VIVO: el piloto argentino tiene su primera carrera en Monza, a qu\u00e9 hora es, c\u00f3mo verla y por d\u00f3nde"},"content":{"rendered":"<p>Tras la clasificaci\u00f3n del s\u00e1bado, larga 18vo con su Williams.Es su debut en la F\u00f3rmula 1, a los 21 a\u00f1os de edad.Horarios, TV y el minuto a minuto de un d\u00eda hist\u00f3rico.<\/p>","protected":false},"excerpt":{"rendered":"<p>Tras la clasificaci\u00f3n del s\u00e1bado, larga 18vo con su Williams.Es su debut en la F\u00f3rmula&#8230;<\/p>\n","protected":false},"author":0,"featured_media":0,"comment_status":"open","ping_status":"open","sticky":false,"template":"","format":"standard","meta":{"footnotes":""},"categories":[6],"tags":[],"class_list":["post-4000","post","type-post","status-publish","format-standard","hentry","category-deportes"],"_links":{"self":[{"href":"https:\/\/masquenoticiastucuman.com.ar\/index.php?rest_route=\/wp\/v2\/posts\/4000","targetHints":{"allow":["GET"]}}],"collection":[{"href":"https:\/\/masquenoticiastucuman.com.ar\/index.php?rest_route=\/wp\/v2\/posts"}],"about":[{"href":"https:\/\/masquenoticiastucuman.com.ar\/index.php?rest_route=\/wp\/v2\/types\/post"}],"replies":[{"embeddable":true,"href":"https:\/\/masquenoticiastucuman.com.ar\/index.php?rest_route=%2Fwp%2Fv2%2Fcomments&post=4000"}],"version-history":[{"count":0,"href":"https:\/\/masquenoticiastucuman.com.ar\/index.php?rest_route=\/wp\/v2\/posts\/4000\/revisions"}],"wp:attachment":[{"href":"https:\/\/masquenoticiastucuman.com.ar\/index.php?rest_route=%2Fwp%2Fv2%2Fmedia&parent=4000"}],"wp:term":[{"taxonomy":"category","embeddable":true,"href":"https:\/\/masquenoticiastucuman.com.ar\/index.php?rest_route=%2Fwp%2Fv2%2Fcategories&post=4000"},{"taxonomy":"post_tag","embeddable":true,"href":"https:\/\/masquenoticiastucuman.com.ar\/index.php?rest_route=%2Fwp%2Fv2%2Ftags&post=4000"}],"curies":[{"name":"wp","href":"https:\/\/api.w.org\/{rel}","templated":true}]}}