{"id":4012,"date":"2024-09-01T07:01:07","date_gmt":"2024-09-01T10:01:07","guid":{"rendered":"http:\/\/masquenoticiastucuman.com.ar\/?p=4012"},"modified":"2024-09-01T07:01:07","modified_gmt":"2024-09-01T10:01:07","slug":"carlos-alcaraz-y-novak-djokovic-afuera-del-us-open-cuando-la-mente-y-el-cuerpo-dicen-basta-no-se-salvan-ni-los-mejores-del-mundo","status":"publish","type":"post","link":"https:\/\/masquenoticiastucuman.com.ar\/?p=4012","title":{"rendered":"Carlos Alcaraz y Novak Djokovic, afuera del US Open: cuando la mente y el cuerpo dicen &#8220;basta&#8221; no se salvan ni los mejores del mundo"},"content":{"rendered":"<p>El serbio perdi\u00f3 en la tercera ronda con el australiano Alexei Popyrin.En la instancia previa se despidi\u00f3 el espa\u00f1ol, ante el neerland\u00e9s Botic Van de Zandschulp.Hace menos de un mes, ambos se enfrentaron en la final de los Juegos Ol\u00edmpicos.<\/p>","protected":false},"excerpt":{"rendered":"<p>El serbio perdi\u00f3 en la tercera ronda con el australiano Alexei Popyrin.En la instancia previa&#8230;<\/p>\n","protected":false},"author":0,"featured_media":0,"comment_status":"open","ping_status":"open","sticky":false,"template":"","format":"standard","meta":{"footnotes":""},"categories":[6],"tags":[],"class_list":["post-4012","post","type-post","status-publish","format-standard","hentry","category-deportes"],"_links":{"self":[{"href":"https:\/\/masquenoticiastucuman.com.ar\/index.php?rest_route=\/wp\/v2\/posts\/4012","targetHints":{"allow":["GET"]}}],"collection":[{"href":"https:\/\/masquenoticiastucuman.com.ar\/index.php?rest_route=\/wp\/v2\/posts"}],"about":[{"href":"https:\/\/masquenoticiastucuman.com.ar\/index.php?rest_route=\/wp\/v2\/types\/post"}],"replies":[{"embeddable":true,"href":"https:\/\/masquenoticiastucuman.com.ar\/index.php?rest_route=%2Fwp%2Fv2%2Fcomments&post=4012"}],"version-history":[{"count":0,"href":"https:\/\/masquenoticiastucuman.com.ar\/index.php?rest_route=\/wp\/v2\/posts\/4012\/revisions"}],"wp:attachment":[{"href":"https:\/\/masquenoticiastucuman.com.ar\/index.php?rest_route=%2Fwp%2Fv2%2Fmedia&parent=4012"}],"wp:term":[{"taxonomy":"category","embeddable":true,"href":"https:\/\/masquenoticiastucuman.com.ar\/index.php?rest_route=%2Fwp%2Fv2%2Fcategories&post=4012"},{"taxonomy":"post_tag","embeddable":true,"href":"https:\/\/masquenoticiastucuman.com.ar\/index.php?rest_route=%2Fwp%2Fv2%2Ftags&post=4012"}],"curies":[{"name":"wp","href":"https:\/\/api.w.org\/{rel}","templated":true}]}}