{"id":4028,"date":"2024-09-01T12:01:06","date_gmt":"2024-09-01T15:01:06","guid":{"rendered":"http:\/\/masquenoticiastucuman.com.ar\/?p=4028"},"modified":"2024-09-01T12:01:06","modified_gmt":"2024-09-01T15:01:06","slug":"la-respuesta-de-rodrigo-de-paul-sobre-la-chance-de-ser-capitan-de-la-seleccion-argentina-ante-la-ausencia-de-lionel-messi","status":"publish","type":"post","link":"https:\/\/masquenoticiastucuman.com.ar\/?p=4028","title":{"rendered":"La respuesta de Rodrigo De Paul sobre la chance de ser capit\u00e1n de la Selecci\u00f3n Argentina ante la ausencia de Lionel Messi"},"content":{"rendered":"<p>Con el retiro de \u00c1ngel Di Mar\u00eda y la posibilidad de que Nicol\u00e1s Otamendi sea suplente, se le abri\u00f3 la puerta al &#8216;Motorcito&#8217;.La Scaloneta recibi\u00f3 a los primeros jugadores en el predio de Ezeiza para los partidos contra Chile y Colombia, por las Eliminatorias Sudamericanas.<\/p>","protected":false},"excerpt":{"rendered":"<p>Con el retiro de \u00c1ngel Di Mar\u00eda y la posibilidad de que Nicol\u00e1s Otamendi sea&#8230;<\/p>\n","protected":false},"author":0,"featured_media":0,"comment_status":"open","ping_status":"open","sticky":false,"template":"","format":"standard","meta":{"footnotes":""},"categories":[6],"tags":[],"class_list":["post-4028","post","type-post","status-publish","format-standard","hentry","category-deportes"],"_links":{"self":[{"href":"https:\/\/masquenoticiastucuman.com.ar\/index.php?rest_route=\/wp\/v2\/posts\/4028","targetHints":{"allow":["GET"]}}],"collection":[{"href":"https:\/\/masquenoticiastucuman.com.ar\/index.php?rest_route=\/wp\/v2\/posts"}],"about":[{"href":"https:\/\/masquenoticiastucuman.com.ar\/index.php?rest_route=\/wp\/v2\/types\/post"}],"replies":[{"embeddable":true,"href":"https:\/\/masquenoticiastucuman.com.ar\/index.php?rest_route=%2Fwp%2Fv2%2Fcomments&post=4028"}],"version-history":[{"count":0,"href":"https:\/\/masquenoticiastucuman.com.ar\/index.php?rest_route=\/wp\/v2\/posts\/4028\/revisions"}],"wp:attachment":[{"href":"https:\/\/masquenoticiastucuman.com.ar\/index.php?rest_route=%2Fwp%2Fv2%2Fmedia&parent=4028"}],"wp:term":[{"taxonomy":"category","embeddable":true,"href":"https:\/\/masquenoticiastucuman.com.ar\/index.php?rest_route=%2Fwp%2Fv2%2Fcategories&post=4028"},{"taxonomy":"post_tag","embeddable":true,"href":"https:\/\/masquenoticiastucuman.com.ar\/index.php?rest_route=%2Fwp%2Fv2%2Ftags&post=4028"}],"curies":[{"name":"wp","href":"https:\/\/api.w.org\/{rel}","templated":true}]}}