{"id":44516,"date":"2025-09-01T12:01:22","date_gmt":"2025-09-01T15:01:22","guid":{"rendered":"https:\/\/masquenoticiastucuman.com.ar\/?p=44516"},"modified":"2025-09-01T12:01:22","modified_gmt":"2025-09-01T15:01:22","slug":"nueva-entrega-de-90-mil-boletos-a-jubilados-para-que-viajen-gratis-en-omnibus","status":"publish","type":"post","link":"https:\/\/masquenoticiastucuman.com.ar\/?p=44516","title":{"rendered":"Nueva entrega de 90 mil boletos a jubilados para que viajen gratis en \u00f3mnibus"},"content":{"rendered":"\n<p>Hasta el viernes se realizar\u00e1 la distribuci\u00f3n en el Complejo Belgrano para los beneficiarios de Capital y zonas aleda\u00f1as. El mi\u00e9rcoles en cada comuna y municipio<\/p>\n\n\n\n<p>El titular de Transporte,&nbsp;<strong>Vicente Nicastro<\/strong>, anunci\u00f3 que el gobierno reinici\u00f3 un nuevo operativo de entrega de<strong>&nbsp;boletos de transporte gratuitos&nbsp;<\/strong>para m\u00e1s de&nbsp;<strong>90 mil jubilados en la provincia.<\/strong>&nbsp;El lanzamiento se realiz\u00f3 en pleno barrio Sur, en el Complejo Belgrano, de la Capital tucumana, donde cientos de beneficiarios se acercaron desde horas muy tempranas.<\/p>\n\n\n\n<p>\u201cHoy reiniciamos un nuevo operativo de entrega\u201d, afirm\u00f3 Nicastro, y precis\u00f3 que en esta primera jornada atendieron a jubilados con DNI terminados en 0 y 1, en el horario de 7 a 13 horas. Tambi\u00e9n adelant\u00f3 que el cronograma continuar\u00e1 de forma escalonada durante la semana: ma\u00f1ana podr\u00e1n concurrir los beneficiarios cuyos los documentos terminen en 2 y 3, el mi\u00e9rcoles en 4 y 5, el jueves en 6 y 7, y el viernes se completar\u00e1 con los DNI finalizados en 8 y 9.<\/p>\n\n\n\n<p>El funcionario detall\u00f3 que los boletos corresponden a los meses de septiembre, octubre y noviembre, con vigencia hasta el 10 de diciembre. Adem\u00e1s, aclar\u00f3 que cada jubilado recibi\u00f3 un total de 48 pasajes, distribuidos en tres planchas de 16.<\/p>\n\n\n\n<p>El funcionario inform\u00f3 que el operativo alcanz\u00f3 a 91.000 beneficiarios en toda la provincia. De ellos, alrededor de 36.000 \u2014el 40% del total\u2014 se concentraron en la capital, mientras que el resto se entreg\u00f3 en municipios y comunas del interior. \u201cA partir del mi\u00e9rcoles, cada comuna y municipio definir\u00e1 su propio cronograma de entrega\u201d, explic\u00f3.<\/p>\n\n\n\n<p>Consultado sobre la posibilidad de nuevas inscripciones, el titular de Transporte se\u00f1al\u00f3 que por el momento no estaban habilitadas. \u201cTuvimos inconvenientes con los sistemas, sobre todo en el cruce de datos con la Administraci\u00f3n Nacional de la Seguridad Social (ANSES) y la ex AFIP hoy ARCA, y a\u00fan no logramos depurar el padr\u00f3n como corresponde\u201d, reconoci\u00f3.<\/p>\n\n\n\n<p>Respecto al formato de los pasajes, Nicastro admiti\u00f3 que el sistema todav\u00eda funcionaba con boletos de papel, a pesar de que ya estaba prevista su digitalizaci\u00f3n. \u201cQueremos reemplazarlos por tarjetas, pero todav\u00eda tenemos inconvenientes t\u00e9cnicos y legales con el operador en San Miguel de Tucum\u00e1n. Si es posible, lo implementaremos en el pr\u00f3ximo operativo\u201d, asegur\u00f3.<\/p>\n","protected":false},"excerpt":{"rendered":"<p>Hasta el viernes se realizar\u00e1 la distribuci\u00f3n en el Complejo Belgrano para los beneficiarios de&#8230;<\/p>\n","protected":false},"author":2,"featured_media":0,"comment_status":"open","ping_status":"open","sticky":false,"template":"","format":"standard","meta":{"footnotes":""},"categories":[2],"tags":[],"class_list":["post-44516","post","type-post","status-publish","format-standard","hentry","category-locales"],"_links":{"self":[{"href":"https:\/\/masquenoticiastucuman.com.ar\/index.php?rest_route=\/wp\/v2\/posts\/44516","targetHints":{"allow":["GET"]}}],"collection":[{"href":"https:\/\/masquenoticiastucuman.com.ar\/index.php?rest_route=\/wp\/v2\/posts"}],"about":[{"href":"https:\/\/masquenoticiastucuman.com.ar\/index.php?rest_route=\/wp\/v2\/types\/post"}],"author":[{"embeddable":true,"href":"https:\/\/masquenoticiastucuman.com.ar\/index.php?rest_route=\/wp\/v2\/users\/2"}],"replies":[{"embeddable":true,"href":"https:\/\/masquenoticiastucuman.com.ar\/index.php?rest_route=%2Fwp%2Fv2%2Fcomments&post=44516"}],"version-history":[{"count":1,"href":"https:\/\/masquenoticiastucuman.com.ar\/index.php?rest_route=\/wp\/v2\/posts\/44516\/revisions"}],"predecessor-version":[{"id":44522,"href":"https:\/\/masquenoticiastucuman.com.ar\/index.php?rest_route=\/wp\/v2\/posts\/44516\/revisions\/44522"}],"wp:attachment":[{"href":"https:\/\/masquenoticiastucuman.com.ar\/index.php?rest_route=%2Fwp%2Fv2%2Fmedia&parent=44516"}],"wp:term":[{"taxonomy":"category","embeddable":true,"href":"https:\/\/masquenoticiastucuman.com.ar\/index.php?rest_route=%2Fwp%2Fv2%2Fcategories&post=44516"},{"taxonomy":"post_tag","embeddable":true,"href":"https:\/\/masquenoticiastucuman.com.ar\/index.php?rest_route=%2Fwp%2Fv2%2Ftags&post=44516"}],"curies":[{"name":"wp","href":"https:\/\/api.w.org\/{rel}","templated":true}]}}