{"id":44547,"date":"2025-09-01T16:01:03","date_gmt":"2025-09-01T19:01:03","guid":{"rendered":"http:\/\/masquenoticiastucuman.com.ar\/?p=44547"},"modified":"2025-09-01T16:01:03","modified_gmt":"2025-09-01T19:01:03","slug":"messi-y-de-paul-ya-estan-en-argentina-para-sumarse-a-la-seleccion-el-inolvidable-gesto-con-los-hinchas-antes-de-venezuela-y-ecuador","status":"publish","type":"post","link":"https:\/\/masquenoticiastucuman.com.ar\/?p=44547","title":{"rendered":"Messi y De Paul ya est\u00e1n en Argentina para sumarse a la Selecci\u00f3n: el inolvidable gesto con los hinchas antes de Venezuela y Ecuador"},"content":{"rendered":"<ul>\n<li>Viajaron en el avi\u00f3n de la familia de la &#8216;Pulga&#8217;, que lo acompa\u00f1\u00f3 por tratarse de un encuentro &#8220;especial&#8221;, tal como \u00e9l mismo lo defini\u00f3.<\/li>\n<li>Este lunes est\u00e1 previsto el primer entrenamiento en el predio que lleva su nombre, en Ezeiza.<\/li>\n<\/ul>","protected":false},"excerpt":{"rendered":"<p>Viajaron en el avi\u00f3n de la familia de la &#8216;Pulga&#8217;, que lo acompa\u00f1\u00f3 por tratarse&#8230;<\/p>\n","protected":false},"author":1,"featured_media":0,"comment_status":"open","ping_status":"open","sticky":false,"template":"","format":"standard","meta":{"footnotes":""},"categories":[6],"tags":[],"class_list":["post-44547","post","type-post","status-publish","format-standard","hentry","category-deportes"],"_links":{"self":[{"href":"https:\/\/masquenoticiastucuman.com.ar\/index.php?rest_route=\/wp\/v2\/posts\/44547","targetHints":{"allow":["GET"]}}],"collection":[{"href":"https:\/\/masquenoticiastucuman.com.ar\/index.php?rest_route=\/wp\/v2\/posts"}],"about":[{"href":"https:\/\/masquenoticiastucuman.com.ar\/index.php?rest_route=\/wp\/v2\/types\/post"}],"author":[{"embeddable":true,"href":"https:\/\/masquenoticiastucuman.com.ar\/index.php?rest_route=\/wp\/v2\/users\/1"}],"replies":[{"embeddable":true,"href":"https:\/\/masquenoticiastucuman.com.ar\/index.php?rest_route=%2Fwp%2Fv2%2Fcomments&post=44547"}],"version-history":[{"count":0,"href":"https:\/\/masquenoticiastucuman.com.ar\/index.php?rest_route=\/wp\/v2\/posts\/44547\/revisions"}],"wp:attachment":[{"href":"https:\/\/masquenoticiastucuman.com.ar\/index.php?rest_route=%2Fwp%2Fv2%2Fmedia&parent=44547"}],"wp:term":[{"taxonomy":"category","embeddable":true,"href":"https:\/\/masquenoticiastucuman.com.ar\/index.php?rest_route=%2Fwp%2Fv2%2Fcategories&post=44547"},{"taxonomy":"post_tag","embeddable":true,"href":"https:\/\/masquenoticiastucuman.com.ar\/index.php?rest_route=%2Fwp%2Fv2%2Ftags&post=44547"}],"curies":[{"name":"wp","href":"https:\/\/api.w.org\/{rel}","templated":true}]}}