{"id":44557,"date":"2025-09-01T18:01:03","date_gmt":"2025-09-01T21:01:03","guid":{"rendered":"http:\/\/masquenoticiastucuman.com.ar\/?p=44557"},"modified":"2025-09-01T18:01:03","modified_gmt":"2025-09-01T21:01:03","slug":"las-claves-del-alegato-de-independiente-tras-el-escandalo-con-u-de-chile-en-copa-sudamericana-las-4-sanciones-posibles-que-analiza-conmebol","status":"publish","type":"post","link":"https:\/\/masquenoticiastucuman.com.ar\/?p=44557","title":{"rendered":"Las claves del alegato de Independiente tras el esc\u00e1ndalo con U. de Chile en Copa Sudamericana: las 4 sanciones posibles que analiza Conmebol"},"content":{"rendered":"<ul>\n<li>Este martes a las 15 se dar\u00e1 la audiencia presencial en la sede de Conmebol en Luque, Paraguay.<\/li>\n<li>Las dirigencias de ambos clubes expondr\u00e1n sus alegatos finales ante el Tribunal del m\u00e1ximo ente del f\u00fatbol sudamericano.<\/li>\n<\/ul>","protected":false},"excerpt":{"rendered":"<p>Este martes a las 15 se dar\u00e1 la audiencia presencial en la sede de Conmebol&#8230;<\/p>\n","protected":false},"author":1,"featured_media":0,"comment_status":"open","ping_status":"open","sticky":false,"template":"","format":"standard","meta":{"footnotes":""},"categories":[6],"tags":[],"class_list":["post-44557","post","type-post","status-publish","format-standard","hentry","category-deportes"],"_links":{"self":[{"href":"https:\/\/masquenoticiastucuman.com.ar\/index.php?rest_route=\/wp\/v2\/posts\/44557","targetHints":{"allow":["GET"]}}],"collection":[{"href":"https:\/\/masquenoticiastucuman.com.ar\/index.php?rest_route=\/wp\/v2\/posts"}],"about":[{"href":"https:\/\/masquenoticiastucuman.com.ar\/index.php?rest_route=\/wp\/v2\/types\/post"}],"author":[{"embeddable":true,"href":"https:\/\/masquenoticiastucuman.com.ar\/index.php?rest_route=\/wp\/v2\/users\/1"}],"replies":[{"embeddable":true,"href":"https:\/\/masquenoticiastucuman.com.ar\/index.php?rest_route=%2Fwp%2Fv2%2Fcomments&post=44557"}],"version-history":[{"count":0,"href":"https:\/\/masquenoticiastucuman.com.ar\/index.php?rest_route=\/wp\/v2\/posts\/44557\/revisions"}],"wp:attachment":[{"href":"https:\/\/masquenoticiastucuman.com.ar\/index.php?rest_route=%2Fwp%2Fv2%2Fmedia&parent=44557"}],"wp:term":[{"taxonomy":"category","embeddable":true,"href":"https:\/\/masquenoticiastucuman.com.ar\/index.php?rest_route=%2Fwp%2Fv2%2Fcategories&post=44557"},{"taxonomy":"post_tag","embeddable":true,"href":"https:\/\/masquenoticiastucuman.com.ar\/index.php?rest_route=%2Fwp%2Fv2%2Ftags&post=44557"}],"curies":[{"name":"wp","href":"https:\/\/api.w.org\/{rel}","templated":true}]}}