{"id":44563,"date":"2025-09-01T20:01:04","date_gmt":"2025-09-01T23:01:04","guid":{"rendered":"http:\/\/masquenoticiastucuman.com.ar\/?p=44563"},"modified":"2025-09-01T20:01:04","modified_gmt":"2025-09-01T23:01:04","slug":"el-abogado-de-la-u-de-chile-durisimo-con-el-pedido-de-grindetti-e-independiente-solo-en-su-mente-puede-haber-algo-tan-delirante","status":"publish","type":"post","link":"https:\/\/masquenoticiastucuman.com.ar\/?p=44563","title":{"rendered":"El abogado de la U de Chile, dur\u00edsimo con el pedido de Grindetti e Independiente: &#8220;Solo en su mente puede haber algo tan delirante&#8221;"},"content":{"rendered":"<ul>\n<li>El Rojo quiere los puntos y el letrado que representa al combinado trasandino apunt\u00f3 contra el presidente del club argentino.<\/li>\n<li>Ma\u00f1ana ambos se presentan en Conmebol, a la espera de la resoluci\u00f3n que decida c\u00f3mo se define la serie.<\/li>\n<\/ul>","protected":false},"excerpt":{"rendered":"<p>El Rojo quiere los puntos y el letrado que representa al combinado trasandino apunt\u00f3 contra&#8230;<\/p>\n","protected":false},"author":1,"featured_media":0,"comment_status":"open","ping_status":"open","sticky":false,"template":"","format":"standard","meta":{"footnotes":""},"categories":[6],"tags":[],"class_list":["post-44563","post","type-post","status-publish","format-standard","hentry","category-deportes"],"_links":{"self":[{"href":"https:\/\/masquenoticiastucuman.com.ar\/index.php?rest_route=\/wp\/v2\/posts\/44563","targetHints":{"allow":["GET"]}}],"collection":[{"href":"https:\/\/masquenoticiastucuman.com.ar\/index.php?rest_route=\/wp\/v2\/posts"}],"about":[{"href":"https:\/\/masquenoticiastucuman.com.ar\/index.php?rest_route=\/wp\/v2\/types\/post"}],"author":[{"embeddable":true,"href":"https:\/\/masquenoticiastucuman.com.ar\/index.php?rest_route=\/wp\/v2\/users\/1"}],"replies":[{"embeddable":true,"href":"https:\/\/masquenoticiastucuman.com.ar\/index.php?rest_route=%2Fwp%2Fv2%2Fcomments&post=44563"}],"version-history":[{"count":0,"href":"https:\/\/masquenoticiastucuman.com.ar\/index.php?rest_route=\/wp\/v2\/posts\/44563\/revisions"}],"wp:attachment":[{"href":"https:\/\/masquenoticiastucuman.com.ar\/index.php?rest_route=%2Fwp%2Fv2%2Fmedia&parent=44563"}],"wp:term":[{"taxonomy":"category","embeddable":true,"href":"https:\/\/masquenoticiastucuman.com.ar\/index.php?rest_route=%2Fwp%2Fv2%2Fcategories&post=44563"},{"taxonomy":"post_tag","embeddable":true,"href":"https:\/\/masquenoticiastucuman.com.ar\/index.php?rest_route=%2Fwp%2Fv2%2Ftags&post=44563"}],"curies":[{"name":"wp","href":"https:\/\/api.w.org\/{rel}","templated":true}]}}