{"id":44581,"date":"2025-09-02T01:01:04","date_gmt":"2025-09-02T04:01:04","guid":{"rendered":"http:\/\/masquenoticiastucuman.com.ar\/?p=44581"},"modified":"2025-09-02T01:01:04","modified_gmt":"2025-09-02T04:01:04","slug":"emiliano-dibu-martinez-cumple-33-anos-y-tiene-entre-ceja-y-ceja-otras-dos-marcas-para-agrandar-su-leyenda-en-la-seleccion-argentina","status":"publish","type":"post","link":"https:\/\/masquenoticiastucuman.com.ar\/?p=44581","title":{"rendered":"Emiliano Dibu Mart\u00ednez cumple 33 a\u00f1os y tiene entre ceja y ceja otras dos marcas para agrandar su leyenda en la Selecci\u00f3n Argentina"},"content":{"rendered":"<ul>\n<li>El arquero marplatense alcanzar\u00e1 el jueves a Ubaldo Fillol en cantidad de presencias en celeste y blanco.<\/li>\n<li>Adem\u00e1s, buscar\u00e1 sumar otras dos vallas invictas para acercarse al r\u00e9cord de Sergio Chiquito Romero, que tambi\u00e9n es el que m\u00e1s partidos tiene acumulados.<\/li>\n<\/ul>","protected":false},"excerpt":{"rendered":"<p>El arquero marplatense alcanzar\u00e1 el jueves a Ubaldo Fillol en cantidad de presencias en celeste&#8230;<\/p>\n","protected":false},"author":1,"featured_media":0,"comment_status":"open","ping_status":"open","sticky":false,"template":"","format":"standard","meta":{"footnotes":""},"categories":[6],"tags":[],"class_list":["post-44581","post","type-post","status-publish","format-standard","hentry","category-deportes"],"_links":{"self":[{"href":"https:\/\/masquenoticiastucuman.com.ar\/index.php?rest_route=\/wp\/v2\/posts\/44581","targetHints":{"allow":["GET"]}}],"collection":[{"href":"https:\/\/masquenoticiastucuman.com.ar\/index.php?rest_route=\/wp\/v2\/posts"}],"about":[{"href":"https:\/\/masquenoticiastucuman.com.ar\/index.php?rest_route=\/wp\/v2\/types\/post"}],"author":[{"embeddable":true,"href":"https:\/\/masquenoticiastucuman.com.ar\/index.php?rest_route=\/wp\/v2\/users\/1"}],"replies":[{"embeddable":true,"href":"https:\/\/masquenoticiastucuman.com.ar\/index.php?rest_route=%2Fwp%2Fv2%2Fcomments&post=44581"}],"version-history":[{"count":0,"href":"https:\/\/masquenoticiastucuman.com.ar\/index.php?rest_route=\/wp\/v2\/posts\/44581\/revisions"}],"wp:attachment":[{"href":"https:\/\/masquenoticiastucuman.com.ar\/index.php?rest_route=%2Fwp%2Fv2%2Fmedia&parent=44581"}],"wp:term":[{"taxonomy":"category","embeddable":true,"href":"https:\/\/masquenoticiastucuman.com.ar\/index.php?rest_route=%2Fwp%2Fv2%2Fcategories&post=44581"},{"taxonomy":"post_tag","embeddable":true,"href":"https:\/\/masquenoticiastucuman.com.ar\/index.php?rest_route=%2Fwp%2Fv2%2Ftags&post=44581"}],"curies":[{"name":"wp","href":"https:\/\/api.w.org\/{rel}","templated":true}]}}