{"id":44601,"date":"2025-09-02T09:54:47","date_gmt":"2025-09-02T12:54:47","guid":{"rendered":"https:\/\/masquenoticiastucuman.com.ar\/?p=44601"},"modified":"2025-09-02T09:54:48","modified_gmt":"2025-09-02T12:54:48","slug":"quilmes-avanza-en-la-regularizacion-de-su-actividad-turistica-con-respaldo-institucional","status":"publish","type":"post","link":"https:\/\/masquenoticiastucuman.com.ar\/?p=44601","title":{"rendered":"Quilmes avanza en la regularizaci\u00f3n de su actividad tur\u00edstica con respaldo institucional"},"content":{"rendered":"\n<p>El Consorcio de Cooperaci\u00f3n en la Gesti\u00f3n de la Ciudad Sagrada de Quilmes, junto a la Polic\u00eda de Tucum\u00e1n, retir\u00f3 las pertenencias de un grupo de puesteros que no regularizaron su situaci\u00f3n pese a reiterados llamados al di\u00e1logo<\/p>\n\n\n\n<p>El&nbsp;<strong>Consorcio de Cooperaci\u00f3n en la Gesti\u00f3n de la Ciudad Sagrada de Quilmes<\/strong>, integrado por el Ente Tucum\u00e1n Turismo (ETT) y la Comunidad Ind\u00edgena de Quilmes (CIQ) con el respaldo de las 14 delegaciones de base que la integran, trabaja en la organizaci\u00f3n de la actividad tur\u00edstica en este sitio patrimonial para garantizar servicios de calidad y desarrollo para la comunidad.<\/p>\n\n\n\n<p><strong>En ese marco, este lunes 1 de septiembre, la Polic\u00eda de Tucum\u00e1n concret\u00f3 un operativo para retirar las pertenencias de un grupo de puesteros que permanec\u00eda en situaci\u00f3n irregular, sin haber formalizado su integraci\u00f3n al esquema establecido.<\/strong><\/p>\n\n\n\n<p>Durante meses, tanto la Comunidad Ind\u00edgena de Quilmes como el Ente Tucum\u00e1n Turismo realizaron reiterados llamados al di\u00e1logo y ofrecieron en numerosas oportunidades la posibilidad de regularizar la actividad mediante la firma de contratos. A pesar de ello, solo dos de los artesanos aceptaron incorporarse formalmente, mientras que el resto se neg\u00f3 a hacerlo, lo que deriv\u00f3 en la solicitud de intervenci\u00f3n.<\/p>\n\n\n\n<p><strong>El Consorcio de Cooperaci\u00f3n en la Gesti\u00f3n de la Ciudad Sagrada de Quilmes se constituy\u00f3 en 2023, enmarcado en la Ley Nacional 26005 y la Ley Provincial 8522. Tiene una vigencia de seis a\u00f1os y fue aprobado por el IPACyM (Instituto Provincial de Acci\u00f3n Cooperativa y Mutual) e inscripto en la Direcci\u00f3n General de Rentas (DGR).<\/strong>&nbsp;Su objetivo es fortalecer el desarrollo tur\u00edstico en la Ciudad Sagrada, mejorar la infraestructura y los servicios, y garantizar que todas las actividades se realicen dentro de un marco legal y consensuado.<\/p>\n\n\n\n<p>La acci\u00f3n ejecutada este lunes se enmarca en ese proceso de regularizaci\u00f3n, con el fin de consolidar un modelo de gesti\u00f3n participativa que ponga en valor el patrimonio cultural de Quilmes y genere beneficios sostenibles para las comunidades locales.<\/p>\n","protected":false},"excerpt":{"rendered":"<p>El Consorcio de Cooperaci\u00f3n en la Gesti\u00f3n de la Ciudad Sagrada de Quilmes, junto a&#8230;<\/p>\n","protected":false},"author":2,"featured_media":0,"comment_status":"open","ping_status":"open","sticky":false,"template":"","format":"standard","meta":{"footnotes":""},"categories":[2],"tags":[],"class_list":["post-44601","post","type-post","status-publish","format-standard","hentry","category-locales"],"_links":{"self":[{"href":"https:\/\/masquenoticiastucuman.com.ar\/index.php?rest_route=\/wp\/v2\/posts\/44601","targetHints":{"allow":["GET"]}}],"collection":[{"href":"https:\/\/masquenoticiastucuman.com.ar\/index.php?rest_route=\/wp\/v2\/posts"}],"about":[{"href":"https:\/\/masquenoticiastucuman.com.ar\/index.php?rest_route=\/wp\/v2\/types\/post"}],"author":[{"embeddable":true,"href":"https:\/\/masquenoticiastucuman.com.ar\/index.php?rest_route=\/wp\/v2\/users\/2"}],"replies":[{"embeddable":true,"href":"https:\/\/masquenoticiastucuman.com.ar\/index.php?rest_route=%2Fwp%2Fv2%2Fcomments&post=44601"}],"version-history":[{"count":1,"href":"https:\/\/masquenoticiastucuman.com.ar\/index.php?rest_route=\/wp\/v2\/posts\/44601\/revisions"}],"predecessor-version":[{"id":44603,"href":"https:\/\/masquenoticiastucuman.com.ar\/index.php?rest_route=\/wp\/v2\/posts\/44601\/revisions\/44603"}],"wp:attachment":[{"href":"https:\/\/masquenoticiastucuman.com.ar\/index.php?rest_route=%2Fwp%2Fv2%2Fmedia&parent=44601"}],"wp:term":[{"taxonomy":"category","embeddable":true,"href":"https:\/\/masquenoticiastucuman.com.ar\/index.php?rest_route=%2Fwp%2Fv2%2Fcategories&post=44601"},{"taxonomy":"post_tag","embeddable":true,"href":"https:\/\/masquenoticiastucuman.com.ar\/index.php?rest_route=%2Fwp%2Fv2%2Ftags&post=44601"}],"curies":[{"name":"wp","href":"https:\/\/api.w.org\/{rel}","templated":true}]}}