{"id":44604,"date":"2025-09-02T10:01:04","date_gmt":"2025-09-02T13:01:04","guid":{"rendered":"http:\/\/masquenoticiastucuman.com.ar\/?p=44604"},"modified":"2025-09-02T10:01:04","modified_gmt":"2025-09-02T13:01:04","slug":"en-mitad-de-tabla-la-maquinaria-agricola-enfrenta-un-mercado-con-urgencias-de-credito-y-renovacion","status":"publish","type":"post","link":"https:\/\/masquenoticiastucuman.com.ar\/?p=44604","title":{"rendered":"&#8220;En mitad de tabla&#8221;: la maquinaria agr\u00edcola  enfrenta un mercado con urgencias de cr\u00e9dito y renovaci\u00f3n"},"content":{"rendered":"<ul>\n<li>El sector proyecta un a\u00f1o con ventas mayores al 2024, pero advierte sobre la antig\u00fcedad del parque, la alta presi\u00f3n impositiva y la baja rentabilidad del productor. <\/li>\n<li>En paralelo, busca sostener exportaciones y competir frente a la llegada de insumos y equipos importados.<\/li>\n<\/ul>","protected":false},"excerpt":{"rendered":"<p>El sector proyecta un a\u00f1o con ventas mayores al 2024, pero advierte sobre la antig\u00fcedad&#8230;<\/p>\n","protected":false},"author":1,"featured_media":0,"comment_status":"open","ping_status":"open","sticky":false,"template":"","format":"standard","meta":{"footnotes":""},"categories":[],"tags":[],"class_list":["post-44604","post","type-post","status-publish","format-standard","hentry"],"_links":{"self":[{"href":"https:\/\/masquenoticiastucuman.com.ar\/index.php?rest_route=\/wp\/v2\/posts\/44604","targetHints":{"allow":["GET"]}}],"collection":[{"href":"https:\/\/masquenoticiastucuman.com.ar\/index.php?rest_route=\/wp\/v2\/posts"}],"about":[{"href":"https:\/\/masquenoticiastucuman.com.ar\/index.php?rest_route=\/wp\/v2\/types\/post"}],"author":[{"embeddable":true,"href":"https:\/\/masquenoticiastucuman.com.ar\/index.php?rest_route=\/wp\/v2\/users\/1"}],"replies":[{"embeddable":true,"href":"https:\/\/masquenoticiastucuman.com.ar\/index.php?rest_route=%2Fwp%2Fv2%2Fcomments&post=44604"}],"version-history":[{"count":0,"href":"https:\/\/masquenoticiastucuman.com.ar\/index.php?rest_route=\/wp\/v2\/posts\/44604\/revisions"}],"wp:attachment":[{"href":"https:\/\/masquenoticiastucuman.com.ar\/index.php?rest_route=%2Fwp%2Fv2%2Fmedia&parent=44604"}],"wp:term":[{"taxonomy":"category","embeddable":true,"href":"https:\/\/masquenoticiastucuman.com.ar\/index.php?rest_route=%2Fwp%2Fv2%2Fcategories&post=44604"},{"taxonomy":"post_tag","embeddable":true,"href":"https:\/\/masquenoticiastucuman.com.ar\/index.php?rest_route=%2Fwp%2Fv2%2Ftags&post=44604"}],"curies":[{"name":"wp","href":"https:\/\/api.w.org\/{rel}","templated":true}]}}