{"id":44628,"date":"2025-09-02T12:17:11","date_gmt":"2025-09-02T15:17:11","guid":{"rendered":"https:\/\/masquenoticiastucuman.com.ar\/?p=44628"},"modified":"2025-09-02T12:17:11","modified_gmt":"2025-09-02T15:17:11","slug":"un-allanamiento-por-una-causa-de-hurto-finaliza-con-el-secuestro-de-drogas","status":"publish","type":"post","link":"https:\/\/masquenoticiastucuman.com.ar\/?p=44628","title":{"rendered":"Un allanamiento por una causa de hurto finaliza con el secuestro de drogas"},"content":{"rendered":"\n<p>Tras la medida judicial llevada a cabo en un domicilio del barrio 11 de Enero una mujer qued\u00f3 demorada a disposici\u00f3n de la Justicia.<\/p>\n\n\n\n<p>El subcomisario Oscar Llanos, segundo jefe de la Divisi\u00f3n Robos y Hurtos, se refiri\u00f3 al desarrollo de un allanamiento que ten\u00eda como fin el secuestro de un tel\u00e9fono celular denunciado en una causa por hurto con escalamiento: \u201cNos encontramos en el barrio 11 de Enero, donde irrumpimos, ingresamos a la vivienda y al hacer el registro correspondiente, hallamos en la parte del fondo de la morada una bolsa con sustancia vegetal y sustancia polvorienta\u201d.<\/p>\n\n\n\n<p>\u201cTeniendo en cuenta estos elementos encontrados, se le da intervenci\u00f3n a la Unidad Fiscal de Narcomenudeo, que dispone que se haga presente el personal de la Direcci\u00f3n de Drogas Peligrosas Capital, quienes en presencia de testigos llevan adelante la prueba de campo, que arroja un pesaje aproximado de 30 gramos de coca\u00edna y 75 envoltorios de marihuana. Adem\u00e1s, &nbsp;se encontr\u00f3, una balanza de precisi\u00f3n, tijeras y cuchillos utilizados para el fraccionamiento de esas sustancias y 128 pastillas de Alprazolam\u201d, precis\u00f3 Llanos.&nbsp;<\/p>\n\n\n\n<p>As\u00ed mismo, el subcomisario se\u00f1al\u00f3 que hay una mujer demorada a la espera de la fiscal\u00eda consultada, y en cuanto a la causa que se investiga se produjo el secuestro de ocho tel\u00e9fonos celulares. &nbsp;<\/p>\n","protected":false},"excerpt":{"rendered":"<p>Tras la medida judicial llevada a cabo en un domicilio del barrio 11 de Enero&#8230;<\/p>\n","protected":false},"author":2,"featured_media":0,"comment_status":"open","ping_status":"open","sticky":false,"template":"","format":"standard","meta":{"footnotes":""},"categories":[2],"tags":[],"class_list":["post-44628","post","type-post","status-publish","format-standard","hentry","category-locales"],"_links":{"self":[{"href":"https:\/\/masquenoticiastucuman.com.ar\/index.php?rest_route=\/wp\/v2\/posts\/44628","targetHints":{"allow":["GET"]}}],"collection":[{"href":"https:\/\/masquenoticiastucuman.com.ar\/index.php?rest_route=\/wp\/v2\/posts"}],"about":[{"href":"https:\/\/masquenoticiastucuman.com.ar\/index.php?rest_route=\/wp\/v2\/types\/post"}],"author":[{"embeddable":true,"href":"https:\/\/masquenoticiastucuman.com.ar\/index.php?rest_route=\/wp\/v2\/users\/2"}],"replies":[{"embeddable":true,"href":"https:\/\/masquenoticiastucuman.com.ar\/index.php?rest_route=%2Fwp%2Fv2%2Fcomments&post=44628"}],"version-history":[{"count":1,"href":"https:\/\/masquenoticiastucuman.com.ar\/index.php?rest_route=\/wp\/v2\/posts\/44628\/revisions"}],"predecessor-version":[{"id":44630,"href":"https:\/\/masquenoticiastucuman.com.ar\/index.php?rest_route=\/wp\/v2\/posts\/44628\/revisions\/44630"}],"wp:attachment":[{"href":"https:\/\/masquenoticiastucuman.com.ar\/index.php?rest_route=%2Fwp%2Fv2%2Fmedia&parent=44628"}],"wp:term":[{"taxonomy":"category","embeddable":true,"href":"https:\/\/masquenoticiastucuman.com.ar\/index.php?rest_route=%2Fwp%2Fv2%2Fcategories&post=44628"},{"taxonomy":"post_tag","embeddable":true,"href":"https:\/\/masquenoticiastucuman.com.ar\/index.php?rest_route=%2Fwp%2Fv2%2Ftags&post=44628"}],"curies":[{"name":"wp","href":"https:\/\/api.w.org\/{rel}","templated":true}]}}