{"id":44647,"date":"2025-09-02T15:01:02","date_gmt":"2025-09-02T18:01:02","guid":{"rendered":"http:\/\/masquenoticiastucuman.com.ar\/?p=44647"},"modified":"2025-09-02T15:01:02","modified_gmt":"2025-09-02T18:01:02","slug":"alarma-detectaron-un-caso-positivo-de-influenza-aviar-en-aves-de-traspatio-en-una-de-las-principales-provincias-avicolas","status":"publish","type":"post","link":"https:\/\/masquenoticiastucuman.com.ar\/?p=44647","title":{"rendered":"Alarma: detectaron un caso positivo de influenza aviar en aves de traspatio en una de las principales provincias av\u00edcolas"},"content":{"rendered":"<ul>\n<li>El Senasa confirm\u00f3 el diagn\u00f3stico en gallinas en la localidad de Laurence, departamento de Nogoy\u00e1, Entre R\u00edos.<\/li>\n<li>Este caso se suma al que se detect\u00f3 el 20 de agosto pasado en aves de corral en la provincia de Buenos Aires. <\/li>\n<\/ul>","protected":false},"excerpt":{"rendered":"<p>El Senasa confirm\u00f3 el diagn\u00f3stico en gallinas en la localidad de Laurence, departamento de Nogoy\u00e1,&#8230;<\/p>\n","protected":false},"author":1,"featured_media":0,"comment_status":"open","ping_status":"open","sticky":false,"template":"","format":"standard","meta":{"footnotes":""},"categories":[],"tags":[],"class_list":["post-44647","post","type-post","status-publish","format-standard","hentry"],"_links":{"self":[{"href":"https:\/\/masquenoticiastucuman.com.ar\/index.php?rest_route=\/wp\/v2\/posts\/44647","targetHints":{"allow":["GET"]}}],"collection":[{"href":"https:\/\/masquenoticiastucuman.com.ar\/index.php?rest_route=\/wp\/v2\/posts"}],"about":[{"href":"https:\/\/masquenoticiastucuman.com.ar\/index.php?rest_route=\/wp\/v2\/types\/post"}],"author":[{"embeddable":true,"href":"https:\/\/masquenoticiastucuman.com.ar\/index.php?rest_route=\/wp\/v2\/users\/1"}],"replies":[{"embeddable":true,"href":"https:\/\/masquenoticiastucuman.com.ar\/index.php?rest_route=%2Fwp%2Fv2%2Fcomments&post=44647"}],"version-history":[{"count":0,"href":"https:\/\/masquenoticiastucuman.com.ar\/index.php?rest_route=\/wp\/v2\/posts\/44647\/revisions"}],"wp:attachment":[{"href":"https:\/\/masquenoticiastucuman.com.ar\/index.php?rest_route=%2Fwp%2Fv2%2Fmedia&parent=44647"}],"wp:term":[{"taxonomy":"category","embeddable":true,"href":"https:\/\/masquenoticiastucuman.com.ar\/index.php?rest_route=%2Fwp%2Fv2%2Fcategories&post=44647"},{"taxonomy":"post_tag","embeddable":true,"href":"https:\/\/masquenoticiastucuman.com.ar\/index.php?rest_route=%2Fwp%2Fv2%2Ftags&post=44647"}],"curies":[{"name":"wp","href":"https:\/\/api.w.org\/{rel}","templated":true}]}}