{"id":44696,"date":"2025-09-03T02:01:03","date_gmt":"2025-09-03T05:01:03","guid":{"rendered":"http:\/\/masquenoticiastucuman.com.ar\/?p=44696"},"modified":"2025-09-03T02:01:03","modified_gmt":"2025-09-03T05:01:03","slug":"novak-djokovic-sigue-de-pie-en-el-us-open-y-jugara-la-semifinales-contra-carlos-alcaraz-el-ultimo-antecedente-al-que-se-aferra-para-buscar-su-25-grand-slam","status":"publish","type":"post","link":"https:\/\/masquenoticiastucuman.com.ar\/?p=44696","title":{"rendered":"Novak Djokovic sigue de pie en el US Open y jugar\u00e1 la semifinales contra Carlos Alcaraz: el \u00faltimo antecedente al que se aferra para buscar su 25\u00b0 Grand Slam"},"content":{"rendered":"<ul>\n<li>El serbio super\u00f3 al favorito local Taylor Fritz en cuatro sets, aunque reconoci\u00f3 que no se sinti\u00f3 c\u00f3modo.<\/li>\n<li>El duelo ante el espa\u00f1ol ser\u00e1 el pr\u00f3ximo viernes, en horario a confirmar.<\/li>\n<\/ul>","protected":false},"excerpt":{"rendered":"<p>El serbio super\u00f3 al favorito local Taylor Fritz en cuatro sets, aunque reconoci\u00f3 que no&#8230;<\/p>\n","protected":false},"author":1,"featured_media":0,"comment_status":"open","ping_status":"open","sticky":false,"template":"","format":"standard","meta":{"footnotes":""},"categories":[6],"tags":[],"class_list":["post-44696","post","type-post","status-publish","format-standard","hentry","category-deportes"],"_links":{"self":[{"href":"https:\/\/masquenoticiastucuman.com.ar\/index.php?rest_route=\/wp\/v2\/posts\/44696","targetHints":{"allow":["GET"]}}],"collection":[{"href":"https:\/\/masquenoticiastucuman.com.ar\/index.php?rest_route=\/wp\/v2\/posts"}],"about":[{"href":"https:\/\/masquenoticiastucuman.com.ar\/index.php?rest_route=\/wp\/v2\/types\/post"}],"author":[{"embeddable":true,"href":"https:\/\/masquenoticiastucuman.com.ar\/index.php?rest_route=\/wp\/v2\/users\/1"}],"replies":[{"embeddable":true,"href":"https:\/\/masquenoticiastucuman.com.ar\/index.php?rest_route=%2Fwp%2Fv2%2Fcomments&post=44696"}],"version-history":[{"count":0,"href":"https:\/\/masquenoticiastucuman.com.ar\/index.php?rest_route=\/wp\/v2\/posts\/44696\/revisions"}],"wp:attachment":[{"href":"https:\/\/masquenoticiastucuman.com.ar\/index.php?rest_route=%2Fwp%2Fv2%2Fmedia&parent=44696"}],"wp:term":[{"taxonomy":"category","embeddable":true,"href":"https:\/\/masquenoticiastucuman.com.ar\/index.php?rest_route=%2Fwp%2Fv2%2Fcategories&post=44696"},{"taxonomy":"post_tag","embeddable":true,"href":"https:\/\/masquenoticiastucuman.com.ar\/index.php?rest_route=%2Fwp%2Fv2%2Ftags&post=44696"}],"curies":[{"name":"wp","href":"https:\/\/api.w.org\/{rel}","templated":true}]}}