{"id":44714,"date":"2025-09-03T07:09:14","date_gmt":"2025-09-03T10:09:14","guid":{"rendered":"https:\/\/masquenoticiastucuman.com.ar\/?p=44714"},"modified":"2025-09-03T07:09:15","modified_gmt":"2025-09-03T10:09:15","slug":"concluyen-los-trabajos-de-la-segunda-etapa-del-complejo-penitenciario-de-benjamin-paz","status":"publish","type":"post","link":"https:\/\/masquenoticiastucuman.com.ar\/?p=44714","title":{"rendered":"Concluyen los trabajos de la segunda etapa del Complejo Penitenciario de Benjam\u00edn Paz"},"content":{"rendered":"\n<p>La ampliaci\u00f3n duplica la capacidad del penal y lo equipa con pabellones, talleres y espacios de integraci\u00f3n.<\/p>\n\n\n\n<p>La obra correspondiente a la segunda etapa del Complejo Penitenciario de Benjam\u00edn Paz finaliz\u00f3 y ser\u00e1 inaugurada la pr\u00f3xima semana. Este proyecto, impulsado por el gobernador Osvaldo Jaldo, es parte del Plan Integral de Infraestructura de Seguridad, que incluy\u00f3 cuatro nuevos pabellones y permiti\u00f3 duplicar la capacidad del establecimiento, alcanzando un total de 1.600 plazas.<\/p>\n\n\n\n<p>El establecimiento penitenciario qued\u00f3 conformado por ocho pabellones en total, \u00e1reas de visitas, cocina, talleres, escuela, espacios verdes, sectores comunitarios y recreativos. Toda la infraestructura est\u00e1 protegida por un sistema de triple cerco de seguridad con torres de vigilancia.<\/p>\n\n\n\n<p>Este martes, el ministro de Obras y Servicios P\u00fablicos, Marcelo Nazur, encabez\u00f3 una reuni\u00f3n de trabajo junto a funcionarios del ministerio de Seguridad y de la Direcci\u00f3n de Arquitectura y Urbanismo, con el fin de ultimar los detalles de la inauguraci\u00f3n.<\/p>\n\n\n\n<p>Tras el encuentro, Nazur destac\u00f3 la iniciativa del gobierno provincial en mejorar la seguridad de los tucumanos. \u201cGracias a la decisi\u00f3n pol\u00edtica del Gobernador, hoy Tucum\u00e1n cuenta con una penitenciar\u00eda moderna, con instalaciones que cumplen con los m\u00e1s altos est\u00e1ndares de seguridad y tratamiento\u201d. Adem\u00e1s, sostuvo que \u201cel complejo no solo mejora la capacidad de alojamiento, sino que tambi\u00e9n asegura condiciones dignas y espacios destinados a la educaci\u00f3n, el trabajo y la reinserci\u00f3n social de los internos\u201d.<\/p>\n\n\n\n<p>El Complejo Penitenciario de Benjam\u00edn Paz contempla cinco m\u00f3dulos funcionales: cuatro destinados a alojamiento masculino, con sectores administrativos, m\u00e9dicos, escolares y de culto.<\/p>\n\n\n\n<p>Adem\u00e1s de Benjam\u00edn Paz, el Plan Integral de Infraestructura de Seguridad incluye proyectos como la construcci\u00f3n de la alcaid\u00eda de Las Talitas, la ampliaci\u00f3n de la Unidad N\u00b03 de Concepci\u00f3n y el Comando de Gendarmer\u00eda Nacional, entre otras iniciativas en marcha.<\/p>\n\n\n\n<p>Con estas acciones, el Gobierno de Tucum\u00e1n reafirma su compromiso con un sistema penitenciario moderno, seguro y con condiciones que favorecen la reinserci\u00f3n social, garantizando a la vez la tranquilidad de la sociedad.<\/p>\n","protected":false},"excerpt":{"rendered":"<p>La ampliaci\u00f3n duplica la capacidad del penal y lo equipa con pabellones, talleres y espacios&#8230;<\/p>\n","protected":false},"author":2,"featured_media":0,"comment_status":"open","ping_status":"open","sticky":false,"template":"","format":"standard","meta":{"footnotes":""},"categories":[2],"tags":[],"class_list":["post-44714","post","type-post","status-publish","format-standard","hentry","category-locales"],"_links":{"self":[{"href":"https:\/\/masquenoticiastucuman.com.ar\/index.php?rest_route=\/wp\/v2\/posts\/44714","targetHints":{"allow":["GET"]}}],"collection":[{"href":"https:\/\/masquenoticiastucuman.com.ar\/index.php?rest_route=\/wp\/v2\/posts"}],"about":[{"href":"https:\/\/masquenoticiastucuman.com.ar\/index.php?rest_route=\/wp\/v2\/types\/post"}],"author":[{"embeddable":true,"href":"https:\/\/masquenoticiastucuman.com.ar\/index.php?rest_route=\/wp\/v2\/users\/2"}],"replies":[{"embeddable":true,"href":"https:\/\/masquenoticiastucuman.com.ar\/index.php?rest_route=%2Fwp%2Fv2%2Fcomments&post=44714"}],"version-history":[{"count":1,"href":"https:\/\/masquenoticiastucuman.com.ar\/index.php?rest_route=\/wp\/v2\/posts\/44714\/revisions"}],"predecessor-version":[{"id":44716,"href":"https:\/\/masquenoticiastucuman.com.ar\/index.php?rest_route=\/wp\/v2\/posts\/44714\/revisions\/44716"}],"wp:attachment":[{"href":"https:\/\/masquenoticiastucuman.com.ar\/index.php?rest_route=%2Fwp%2Fv2%2Fmedia&parent=44714"}],"wp:term":[{"taxonomy":"category","embeddable":true,"href":"https:\/\/masquenoticiastucuman.com.ar\/index.php?rest_route=%2Fwp%2Fv2%2Fcategories&post=44714"},{"taxonomy":"post_tag","embeddable":true,"href":"https:\/\/masquenoticiastucuman.com.ar\/index.php?rest_route=%2Fwp%2Fv2%2Ftags&post=44714"}],"curies":[{"name":"wp","href":"https:\/\/api.w.org\/{rel}","templated":true}]}}