{"id":44731,"date":"2025-09-03T11:46:57","date_gmt":"2025-09-03T14:46:57","guid":{"rendered":"https:\/\/masquenoticiastucuman.com.ar\/?p=44731"},"modified":"2025-09-03T11:46:58","modified_gmt":"2025-09-03T14:46:58","slug":"continua-la-entrega-del-boleto-gratuito-para-jubilados-en-el-complejo-belgrano","status":"publish","type":"post","link":"https:\/\/masquenoticiastucuman.com.ar\/?p=44731","title":{"rendered":"Contin\u00faa la entrega del Boleto Gratuito para Jubilados en el Complejo Belgrano"},"content":{"rendered":"\n<p>El operativo, con atenci\u00f3n de 7 a 13 horas, contin\u00faa con un cronograma por terminaci\u00f3n de DNI. Esta ma\u00f1ana recibieron el beneficio aquellos con DNI terminados en 4 y 5. Ma\u00f1ana, jueves, ser\u00e1 el turno de los documentos terminados en 6 y 7, y el viernes para los que finalizan en 8 y 9.<\/p>\n\n\n\n<p>Hoy mi\u00e9rcoles en el Complejo Belgrano, se lleva a cabo la entrega del Boleto Gratuito para Jubilados.<\/p>\n\n\n\n<p>El secretario de Transporte,&nbsp;<strong>Vicente Nicastro,&nbsp;<\/strong>dijo que &#8220;hoy estamos entregando boletos a aquellos jubilados cuyos DNI terminan en 4 y 5. Ma\u00f1ana, jueves, ser\u00e1 el turno de los documentos terminados en 6 y 7, y el viernes para los que finalizan en 8 y 9&#8221;.<\/p>\n\n\n\n<p><strong>Los beneficiarios deben presentarse con su DNI f\u00edsico para poder retirar los boletos. En caso de no poder asistir personalmente, pueden enviar a un tercero, quien deber\u00e1 presentar tanto su propio DNI f\u00edsico como el del jubilado representado.<\/strong><\/p>\n\n\n\n<p>El operativo contempla la entrega de boletos correspondientes a tres meses: septiembre, octubre y noviembre, con vencimiento el pr\u00f3ximo 10 de diciembre. Seg\u00fan lo anunciado, un nuevo operativo de distribuci\u00f3n se realizar\u00eda en diciembre para continuar con el beneficio.<\/p>\n\n\n\n<p><strong>Se van entregando aproximadamente 17 mil boletos sobre un total de 43.100 solo para capital.<\/strong><\/p>\n\n\n\n<p>Nicastro tambi\u00e9n aclar\u00f3 que esta etapa del operativo est\u00e1 destinada exclusivamente a jubilados con domicilio en San Miguel de Tucum\u00e1n. En tanto, los boletos para los jubilados del interior provincial ser\u00e1n distribuidos a partir del viernes a trav\u00e9s del Ministerio del Interior, en municipios y comunas, seg\u00fan el domicilio registrado previamente por los beneficiarios.<\/p>\n\n\n\n<p><strong>Beneficiarios<\/strong><strong><\/strong><\/p>\n\n\n\n<p id=\"isPasted\"><strong>Mar\u00eda Luisa Paz,<\/strong>&nbsp;una de las beneficiarias del programa, expres\u00f3 su agradecimiento al Gobernador por la iniciativa y destac\u00f3 la importancia del beneficio para su econom\u00eda diaria. &#8220;Lo utilizo principalmente para ir al m\u00e9dico. Tengo varios problemas de salud, as\u00ed que me sirve much\u00edsimo. Tambi\u00e9n para hacer algunas otras actividades, pero sobre todo m\u00e9dicas\u201d, expres\u00f3.<\/p>\n\n\n\n<p>La jubilada remarc\u00f3 que la gratuidad del transporte representa una ayuda significativa. &#8220;Es un gasto menos, y eso en nuestra situaci\u00f3n es muy importante\u201d, afirm\u00f3.<\/p>\n\n\n\n<p><strong>Ra\u00fal Castillo<\/strong>, uno de los beneficiarios, comparti\u00f3 su experiencia y el impacto positivo que esta medida tiene en su vida diaria. &#8220;Siempre es una ayuda y es muy importante poder contar con esto&#8221;, dijo.<\/p>\n\n\n\n<p>En la oportunidad, a\u00f1adi\u00f3 que &#8220;es muy importante lo que el gobernador hace para el sector m\u00e1s necesitado\u201d.&nbsp;<\/p>\n","protected":false},"excerpt":{"rendered":"<p>El operativo, con atenci\u00f3n de 7 a 13 horas, contin\u00faa con un cronograma por terminaci\u00f3n&#8230;<\/p>\n","protected":false},"author":2,"featured_media":0,"comment_status":"open","ping_status":"open","sticky":false,"template":"","format":"standard","meta":{"footnotes":""},"categories":[2],"tags":[],"class_list":["post-44731","post","type-post","status-publish","format-standard","hentry","category-locales"],"_links":{"self":[{"href":"https:\/\/masquenoticiastucuman.com.ar\/index.php?rest_route=\/wp\/v2\/posts\/44731","targetHints":{"allow":["GET"]}}],"collection":[{"href":"https:\/\/masquenoticiastucuman.com.ar\/index.php?rest_route=\/wp\/v2\/posts"}],"about":[{"href":"https:\/\/masquenoticiastucuman.com.ar\/index.php?rest_route=\/wp\/v2\/types\/post"}],"author":[{"embeddable":true,"href":"https:\/\/masquenoticiastucuman.com.ar\/index.php?rest_route=\/wp\/v2\/users\/2"}],"replies":[{"embeddable":true,"href":"https:\/\/masquenoticiastucuman.com.ar\/index.php?rest_route=%2Fwp%2Fv2%2Fcomments&post=44731"}],"version-history":[{"count":1,"href":"https:\/\/masquenoticiastucuman.com.ar\/index.php?rest_route=\/wp\/v2\/posts\/44731\/revisions"}],"predecessor-version":[{"id":44733,"href":"https:\/\/masquenoticiastucuman.com.ar\/index.php?rest_route=\/wp\/v2\/posts\/44731\/revisions\/44733"}],"wp:attachment":[{"href":"https:\/\/masquenoticiastucuman.com.ar\/index.php?rest_route=%2Fwp%2Fv2%2Fmedia&parent=44731"}],"wp:term":[{"taxonomy":"category","embeddable":true,"href":"https:\/\/masquenoticiastucuman.com.ar\/index.php?rest_route=%2Fwp%2Fv2%2Fcategories&post=44731"},{"taxonomy":"post_tag","embeddable":true,"href":"https:\/\/masquenoticiastucuman.com.ar\/index.php?rest_route=%2Fwp%2Fv2%2Ftags&post=44731"}],"curies":[{"name":"wp","href":"https:\/\/api.w.org\/{rel}","templated":true}]}}