{"id":44774,"date":"2025-09-03T18:01:02","date_gmt":"2025-09-03T21:01:02","guid":{"rendered":"http:\/\/masquenoticiastucuman.com.ar\/?p=44774"},"modified":"2025-09-03T18:01:02","modified_gmt":"2025-09-03T21:01:02","slug":"la-numero-dos-de-la-fao-visito-el-pais-e-hizo-fuertes-advertencias-sobre-la-inseguridad-alimentaria","status":"publish","type":"post","link":"https:\/\/masquenoticiastucuman.com.ar\/?p=44774","title":{"rendered":"La n\u00famero dos de la FAO visit\u00f3 el pa\u00eds e hizo fuertes advertencias sobre la inseguridad alimentaria"},"content":{"rendered":"<ul>\n<li>La funcionaria lleg\u00f3 a Argentina para participar en un foro de mecanizaci\u00f3n agr\u00edcola y puso en debate la inequidad social.<\/li>\n<li>La inseguridad alimentaria aguda afecta hoy a 282 millones de personas en casi 60 pa\u00edses.<\/li>\n<\/ul>","protected":false},"excerpt":{"rendered":"<p>La funcionaria lleg\u00f3 a Argentina para participar en un foro de mecanizaci\u00f3n agr\u00edcola y puso&#8230;<\/p>\n","protected":false},"author":1,"featured_media":0,"comment_status":"open","ping_status":"open","sticky":false,"template":"","format":"standard","meta":{"footnotes":""},"categories":[],"tags":[],"class_list":["post-44774","post","type-post","status-publish","format-standard","hentry"],"_links":{"self":[{"href":"https:\/\/masquenoticiastucuman.com.ar\/index.php?rest_route=\/wp\/v2\/posts\/44774","targetHints":{"allow":["GET"]}}],"collection":[{"href":"https:\/\/masquenoticiastucuman.com.ar\/index.php?rest_route=\/wp\/v2\/posts"}],"about":[{"href":"https:\/\/masquenoticiastucuman.com.ar\/index.php?rest_route=\/wp\/v2\/types\/post"}],"author":[{"embeddable":true,"href":"https:\/\/masquenoticiastucuman.com.ar\/index.php?rest_route=\/wp\/v2\/users\/1"}],"replies":[{"embeddable":true,"href":"https:\/\/masquenoticiastucuman.com.ar\/index.php?rest_route=%2Fwp%2Fv2%2Fcomments&post=44774"}],"version-history":[{"count":0,"href":"https:\/\/masquenoticiastucuman.com.ar\/index.php?rest_route=\/wp\/v2\/posts\/44774\/revisions"}],"wp:attachment":[{"href":"https:\/\/masquenoticiastucuman.com.ar\/index.php?rest_route=%2Fwp%2Fv2%2Fmedia&parent=44774"}],"wp:term":[{"taxonomy":"category","embeddable":true,"href":"https:\/\/masquenoticiastucuman.com.ar\/index.php?rest_route=%2Fwp%2Fv2%2Fcategories&post=44774"},{"taxonomy":"post_tag","embeddable":true,"href":"https:\/\/masquenoticiastucuman.com.ar\/index.php?rest_route=%2Fwp%2Fv2%2Ftags&post=44774"}],"curies":[{"name":"wp","href":"https:\/\/api.w.org\/{rel}","templated":true}]}}