{"id":44776,"date":"2025-09-03T18:01:04","date_gmt":"2025-09-03T21:01:04","guid":{"rendered":"http:\/\/masquenoticiastucuman.com.ar\/?p=44776"},"modified":"2025-09-03T18:01:04","modified_gmt":"2025-09-03T21:01:04","slug":"boca-volvio-al-trabajo-sin-miguel-russo-quien-estuvo-a-cargo-de-la-practica-del-plantel","status":"publish","type":"post","link":"https:\/\/masquenoticiastucuman.com.ar\/?p=44776","title":{"rendered":"Boca volvi\u00f3 al trabajo sin Miguel Russo: qui\u00e9n estuvo a cargo de la pr\u00e1ctica del plantel"},"content":{"rendered":"<ul>\n<li>Mientras el DT sigue internado en el sanatorio Fleni, sus ayudantes de campo se pusieron al hombro el entrenamiento.<\/li>\n<li>Claudio \u00dabeda y Juvenal Rodr\u00edguez fueron los encargados de comandar la pr\u00e1ctica.<\/li>\n<li>El equipo volver\u00e1 a jugar en 11 d\u00edas, ante Rosario Central, de visitante.<\/li>\n<\/ul>","protected":false},"excerpt":{"rendered":"<p>Mientras el DT sigue internado en el sanatorio Fleni, sus ayudantes de campo se pusieron&#8230;<\/p>\n","protected":false},"author":1,"featured_media":0,"comment_status":"open","ping_status":"open","sticky":false,"template":"","format":"standard","meta":{"footnotes":""},"categories":[6],"tags":[],"class_list":["post-44776","post","type-post","status-publish","format-standard","hentry","category-deportes"],"_links":{"self":[{"href":"https:\/\/masquenoticiastucuman.com.ar\/index.php?rest_route=\/wp\/v2\/posts\/44776","targetHints":{"allow":["GET"]}}],"collection":[{"href":"https:\/\/masquenoticiastucuman.com.ar\/index.php?rest_route=\/wp\/v2\/posts"}],"about":[{"href":"https:\/\/masquenoticiastucuman.com.ar\/index.php?rest_route=\/wp\/v2\/types\/post"}],"author":[{"embeddable":true,"href":"https:\/\/masquenoticiastucuman.com.ar\/index.php?rest_route=\/wp\/v2\/users\/1"}],"replies":[{"embeddable":true,"href":"https:\/\/masquenoticiastucuman.com.ar\/index.php?rest_route=%2Fwp%2Fv2%2Fcomments&post=44776"}],"version-history":[{"count":0,"href":"https:\/\/masquenoticiastucuman.com.ar\/index.php?rest_route=\/wp\/v2\/posts\/44776\/revisions"}],"wp:attachment":[{"href":"https:\/\/masquenoticiastucuman.com.ar\/index.php?rest_route=%2Fwp%2Fv2%2Fmedia&parent=44776"}],"wp:term":[{"taxonomy":"category","embeddable":true,"href":"https:\/\/masquenoticiastucuman.com.ar\/index.php?rest_route=%2Fwp%2Fv2%2Fcategories&post=44776"},{"taxonomy":"post_tag","embeddable":true,"href":"https:\/\/masquenoticiastucuman.com.ar\/index.php?rest_route=%2Fwp%2Fv2%2Ftags&post=44776"}],"curies":[{"name":"wp","href":"https:\/\/api.w.org\/{rel}","templated":true}]}}