{"id":44810,"date":"2025-09-04T07:05:47","date_gmt":"2025-09-04T10:05:47","guid":{"rendered":"https:\/\/masquenoticiastucuman.com.ar\/?p=44810"},"modified":"2025-09-04T07:05:48","modified_gmt":"2025-09-04T10:05:48","slug":"jaldo-inauguro-un-destacamento-de-infanteria-y-obras-en-las-talitas","status":"publish","type":"post","link":"https:\/\/masquenoticiastucuman.com.ar\/?p=44810","title":{"rendered":"Jaldo inaugur\u00f3 un destacamento de Infanter\u00eda y obras en Las Talitas"},"content":{"rendered":"\n<p>La Provincia fortalece la seguridad y refuerza la presencia policial en esta zona del Gran San Miguel de Tucum\u00e1n. Tambi\u00e9n mejoran los servicios.<\/p>\n\n\n\n<p id=\"isPasted\">El gobernador&nbsp;<strong>Osvaldo Jaldo<\/strong>&nbsp;inaugur\u00f3 este mi\u00e9rcoles el nuevo destacamento de la&nbsp;<strong><\/strong>Guardia de Infanter\u00eda de la Unidad Regional Norte (URN) en el barrio 180 Viviendas de Las Talitas<strong><\/strong>, una obra que fortalece la seguridad y refuerza la presencia policial en esta zona del Gran San Miguel de Tucum\u00e1n. Adem\u00e1s encabez\u00f3 la inauguraci\u00f3n de obras de urbanizaci\u00f3n y de un nuevo pozo de agua potable<\/p>\n\n\n\n<p><strong><\/strong>El mandatario estuvo<strong><\/strong>&nbsp;acompa\u00f1ado por el vicegobernador&nbsp;<strong>Miguel Acevedo;<\/strong>&nbsp;el ministro de Seguridad,&nbsp;<strong>Eugenio Ag\u00fcero Gamboa;<\/strong>&nbsp;el vicepresidente Primero de la Legislatura,&nbsp;<strong>Aldo Salom\u00f3n<\/strong>; los diputadas<strong>&nbsp;Gladys Medina, Elia Fern\u00e1ndez;<\/strong>&nbsp;los intendentes de Las Talitas,&nbsp;<strong>Marta Najar,<\/strong>&nbsp;de Simoca,&nbsp;<strong>Elvio Salazar<\/strong>, de Alderetes,<strong>&nbsp;Graciela Guti\u00e9rrez;&nbsp;<\/strong>los legisladores&nbsp;<strong>Carlos Najar, Walter Herrera, Tulio Caponio<\/strong>; el titular de la Sociedad Aguas del Tucum\u00e1n (SAT),&nbsp;<strong>Marcelo Caponio<\/strong>; el titular del IPLA,&nbsp;<strong>Dante Loza<\/strong>; secretario de Deportes,&nbsp;<strong>Diego Erroz<\/strong>, concejales y comisionados comunales.<\/p>\n\n\n\n<p>Tambi\u00e9n participaron el jefe de Polic\u00eda,&nbsp;<strong>Joaqu\u00edn Girvau<\/strong>; el subjefe,&nbsp;<strong>Roque Y\u00f1igo<\/strong>; el jefe y subjefe de la Regional Norte,&nbsp;<strong>Gustavo Beltr\u00e1n<\/strong>&nbsp;y&nbsp;<strong>Sergio Ju\u00e1rez<\/strong>.<\/p>\n\n\n\n<p id=\"isPasted\">Durante la jornada tambi\u00e9n se entreg\u00f3 un nuevo veh\u00edculo para la agencia de la SAT en Las Talitas, con el objetivo de mejorar la capacidad operativa del organismo en beneficio de los vecinos.<\/p>\n\n\n\n<p id=\"isPasted\">Jaldo destac\u00f3 la importancia del nuevo pozo, que proporcionar\u00e1 m\u00e1s de 100,000 litros de agua por hora, asegurando tanto la cantidad como la calidad del vital recurso. \u00abAunque un pozo puede parecer una obra menor, quienes han enfrentado la falta de agua en verano saben lo crucial que es contar con este recurso\u00bb, afirm\u00f3.<\/p>\n\n\n\n<p>El acto tambi\u00e9n incluy\u00f3 la inauguraci\u00f3n de un destacamento de la Guardia de Infanter\u00eda, resultado de un convenio firmado con la intendenta Marta Najar. \u00abEste edificio cumple con todas las normas de seguridad y bienestar, y contar\u00e1 con 30 efectivos que se encargar\u00e1n de cuidar la vida y los bienes de los habitantes de Las Talitas\u00bb, agreg\u00f3 Jaldo.<\/p>\n\n\n\n<p>El gobernador subray\u00f3 que, a pesar de los esfuerzos realizados por la polic\u00eda, a\u00fan queda mucho por hacer en materia de seguridad. \u00abHemos registrado importantes allanamientos y secuestros de sustancias ilegales en la zona, lo que demuestra la necesidad de seguir trabajando en conjunto con la comunidad\u00bb, se\u00f1al\u00f3.<\/p>\n\n\n\n<p>Jaldo tambi\u00e9n hizo hincapi\u00e9 en la importancia de la salud p\u00fablica, destacando que \u00aben salud no se gasta, se invierte\u00bb. Durante una reuni\u00f3n con directores de hospitales de la provincia, se discutieron las problem\u00e1ticas que enfrentan y se reafirm\u00f3 el compromiso del gobierno provincial de dotar a los hospitales de los insumos y la tecnolog\u00eda necesaria para atender a los tucumanos de la mejor manera posible.<\/p>\n\n\n\n<figure class=\"wp-block-image size-large\"><img decoding=\"async\" src=\"https:\/\/masquenoticiastucuman.com.ar\/wp-content\/uploads\/2025\/09\/250903202159_83980-1024x663.jpeg\" alt=\"\" class=\"wp-image-44811\" \/><\/figure>\n\n\n\n<p id=\"isPasted\">Acevedo destac\u00f3 que, a\u00fan en un a\u00f1o electoral, la gesti\u00f3n no se detuvo y se ejecutaron obras en distintos municipios de la provincia. Se\u00f1al\u00f3 que en Las Talitas se inaugur\u00f3 un pozo de agua y un edificio para la instalaci\u00f3n permanente de la Unidad Regional Norte y de Infanter\u00eda. \u201cNo tan solo se apuesta a defender la salud y la educaci\u00f3n, sino tambi\u00e9n la seguridad, que es otro compromiso que tenemos con la ciudadan\u00eda tucumana y con los tucumanos, cuidar la vida y los bienes de los tucumanos\u201d, afirm\u00f3.<\/p>\n\n\n\n<p>Ag\u00fcero Gamboa, valor\u00f3 la inauguraci\u00f3n de la nueva unidad de infanter\u00eda en Las Talitas, que funcionar\u00e1 de manera permanente y con personal suficiente para atender las demandas de los vecinos. \u201cAs\u00ed es, hoy trabajando junto en equipo con la Municipalidad de Las Talitas y el Ministerio de Seguridad, como lo pide nuestro gobernador Osvaldo Jaldo, acercando el personal policial a los barrios, a la poblaci\u00f3n, a todos los tucumanos, en este caso a los talitenses\u201d, expres\u00f3.<\/p>\n\n\n\n<p>La intendenta Najar destac\u00f3 que el pozo fue completamente repotenciado con instrumental nuevo, lo que benefici\u00f3 a ocho barrios de la zona. \u201cEsto permiti\u00f3 mejorar el servicio a todos los vecinos que viven sobre calle 12 y en barrios como Virgen del Huerto, Virgen del Valle, Judiciales, Valle Belgrano, Valle San Mart\u00edn y Divino Ni\u00f1o. Adem\u00e1s, se avanz\u00f3 en la pavimentaci\u00f3n con adoquinado de 800 metros lineales en calle 41 y en otras arterias, alcanzando en total 6.000 metros lineales de pavimento articulado durante la gesti\u00f3n\u201d, explic\u00f3.<\/p>\n\n\n\n<p>El legislador&nbsp;Najar subray\u00f3 el rol de un Estado presente que atiende las necesidades de la poblaci\u00f3n con obras e inversiones. \u201cCreo que esto es fundamental, el trabajo de un Estado presente. En v\u00edspera de un acto electoral en donde democr\u00e1ticamente se van a elegir qui\u00e9nes nos van a representar a los tucumanos en la C\u00e1mara Baja de la Naci\u00f3n, planteando casualmente eso, un Estado presente, solucionando los problemas reales de la gente y no desatendiendo lo importante\u201d, manifest\u00f3.<\/p>\n\n\n\n<p>Por su parte, Caponio inform\u00f3 que con esta obra se habilit\u00f3 el d\u00e9cimo pozo de agua nuevo de la actual gesti\u00f3n provincial, de un total de 53 perforados en el \u00faltimo a\u00f1o y medio. \u201cEste pozo, de 300 metros de profundidad, reforz\u00f3 la provisi\u00f3n de agua potable para 8.000 personas de Las Talitas. Adem\u00e1s, anunciamos el inicio de una nueva perforaci\u00f3n en el barrio Alto La Lomada y Galicia\u201d, se\u00f1al\u00f3.<\/p>\n\n\n\n<p>El funcionario remarc\u00f3 que estas obras forman parte de la decisi\u00f3n pol\u00edtica del gobernador Jaldo de priorizar el acceso al agua potable como pol\u00edtica de Estado. \u201cMientras a nivel nacional se desmantelan \u00e1reas claves para la obra p\u00fablica, en Tucum\u00e1n se fortalece la SAT para garantizar un servicio de calidad a todos los ciudadanos\u201d, afirm\u00f3.<\/p>\n\n\n\n<p id=\"isPasted\">Beltr\u00e1n<strong><\/strong>, expres\u00f3 que \u201ceste espacio significa un importante acercamiento a la comunidad del barrio 180 Viviendas y de sus alrededores. Era una demanda constante de los vecinos y una prioridad planteada por el Jefe de Polic\u00eda, el Ministerio de Seguridad y el propio Gobernador\u201d.<\/p>\n\n\n\n<p>En cuanto al funcionamiento, inform\u00f3 que \u201cel destacamento cuenta inicialmente con&nbsp;<strong><\/strong>30 efectivos policiales<strong><\/strong>, distribuidos en guardias de 10 agentes por turno, adem\u00e1s de dos jefes responsables de la supervisi\u00f3n del sector\u201d.<\/p>\n","protected":false},"excerpt":{"rendered":"<p>La Provincia fortalece la seguridad y refuerza la presencia policial en esta zona del Gran&#8230;<\/p>\n","protected":false},"author":2,"featured_media":0,"comment_status":"open","ping_status":"open","sticky":false,"template":"","format":"standard","meta":{"footnotes":""},"categories":[2],"tags":[],"class_list":["post-44810","post","type-post","status-publish","format-standard","hentry","category-locales"],"_links":{"self":[{"href":"https:\/\/masquenoticiastucuman.com.ar\/index.php?rest_route=\/wp\/v2\/posts\/44810","targetHints":{"allow":["GET"]}}],"collection":[{"href":"https:\/\/masquenoticiastucuman.com.ar\/index.php?rest_route=\/wp\/v2\/posts"}],"about":[{"href":"https:\/\/masquenoticiastucuman.com.ar\/index.php?rest_route=\/wp\/v2\/types\/post"}],"author":[{"embeddable":true,"href":"https:\/\/masquenoticiastucuman.com.ar\/index.php?rest_route=\/wp\/v2\/users\/2"}],"replies":[{"embeddable":true,"href":"https:\/\/masquenoticiastucuman.com.ar\/index.php?rest_route=%2Fwp%2Fv2%2Fcomments&post=44810"}],"version-history":[{"count":1,"href":"https:\/\/masquenoticiastucuman.com.ar\/index.php?rest_route=\/wp\/v2\/posts\/44810\/revisions"}],"predecessor-version":[{"id":44813,"href":"https:\/\/masquenoticiastucuman.com.ar\/index.php?rest_route=\/wp\/v2\/posts\/44810\/revisions\/44813"}],"wp:attachment":[{"href":"https:\/\/masquenoticiastucuman.com.ar\/index.php?rest_route=%2Fwp%2Fv2%2Fmedia&parent=44810"}],"wp:term":[{"taxonomy":"category","embeddable":true,"href":"https:\/\/masquenoticiastucuman.com.ar\/index.php?rest_route=%2Fwp%2Fv2%2Fcategories&post=44810"},{"taxonomy":"post_tag","embeddable":true,"href":"https:\/\/masquenoticiastucuman.com.ar\/index.php?rest_route=%2Fwp%2Fv2%2Ftags&post=44810"}],"curies":[{"name":"wp","href":"https:\/\/api.w.org\/{rel}","templated":true}]}}