{"id":44864,"date":"2025-09-04T17:01:04","date_gmt":"2025-09-04T20:01:04","guid":{"rendered":"http:\/\/masquenoticiastucuman.com.ar\/?p=44864"},"modified":"2025-09-04T17:01:04","modified_gmt":"2025-09-04T20:01:04","slug":"arrancan-los-tironeos-por-el-duelo-entre-river-y-racing-por-los-cuartos-de-final-de-la-copa-argentina-cuando-y-donde-se-jugara","status":"publish","type":"post","link":"https:\/\/masquenoticiastucuman.com.ar\/?p=44864","title":{"rendered":"Arrancan los tironeos por el duelo entre River y Racing por los cuartos de final de la Copa Argentina: cu\u00e1ndo y d\u00f3nde se jugar\u00e1"},"content":{"rendered":"<ul>\n<li>La organizaci\u00f3n propone que se juegue entre el 1 y el 2 de octubre.<\/li>\n<li>Sin embargo, la fecha no termina de convencer en el club de Avellaneda.<\/li>\n<li>Hay tres estadios en la consideraci\u00f3n.<\/li>\n<\/ul>","protected":false},"excerpt":{"rendered":"<p>La organizaci\u00f3n propone que se juegue entre el 1 y el 2 de octubre. Sin&#8230;<\/p>\n","protected":false},"author":1,"featured_media":0,"comment_status":"open","ping_status":"open","sticky":false,"template":"","format":"standard","meta":{"footnotes":""},"categories":[6],"tags":[],"class_list":["post-44864","post","type-post","status-publish","format-standard","hentry","category-deportes"],"_links":{"self":[{"href":"https:\/\/masquenoticiastucuman.com.ar\/index.php?rest_route=\/wp\/v2\/posts\/44864","targetHints":{"allow":["GET"]}}],"collection":[{"href":"https:\/\/masquenoticiastucuman.com.ar\/index.php?rest_route=\/wp\/v2\/posts"}],"about":[{"href":"https:\/\/masquenoticiastucuman.com.ar\/index.php?rest_route=\/wp\/v2\/types\/post"}],"author":[{"embeddable":true,"href":"https:\/\/masquenoticiastucuman.com.ar\/index.php?rest_route=\/wp\/v2\/users\/1"}],"replies":[{"embeddable":true,"href":"https:\/\/masquenoticiastucuman.com.ar\/index.php?rest_route=%2Fwp%2Fv2%2Fcomments&post=44864"}],"version-history":[{"count":0,"href":"https:\/\/masquenoticiastucuman.com.ar\/index.php?rest_route=\/wp\/v2\/posts\/44864\/revisions"}],"wp:attachment":[{"href":"https:\/\/masquenoticiastucuman.com.ar\/index.php?rest_route=%2Fwp%2Fv2%2Fmedia&parent=44864"}],"wp:term":[{"taxonomy":"category","embeddable":true,"href":"https:\/\/masquenoticiastucuman.com.ar\/index.php?rest_route=%2Fwp%2Fv2%2Fcategories&post=44864"},{"taxonomy":"post_tag","embeddable":true,"href":"https:\/\/masquenoticiastucuman.com.ar\/index.php?rest_route=%2Fwp%2Fv2%2Ftags&post=44864"}],"curies":[{"name":"wp","href":"https:\/\/api.w.org\/{rel}","templated":true}]}}