{"id":44880,"date":"2025-09-04T20:01:03","date_gmt":"2025-09-04T23:01:03","guid":{"rendered":"http:\/\/masquenoticiastucuman.com.ar\/?p=44880"},"modified":"2025-09-04T20:01:03","modified_gmt":"2025-09-04T23:01:03","slug":"la-salud-de-miguel-russo-el-dt-de-boca-evoluciona-y-esta-cada-vez-mas-cerca-del-alta-aunque-debera-esperar-para-volver-al-trabajo","status":"publish","type":"post","link":"https:\/\/masquenoticiastucuman.com.ar\/?p=44880","title":{"rendered":"La salud de Miguel Russo: el DT de Boca evoluciona y est\u00e1 cada vez m\u00e1s cerca del alta, aunque deber\u00e1 esperar para volver al trabajo"},"content":{"rendered":"<ul>\n<li>Est\u00e1 internado en el sanatorio Fleni de Belgrano desde el martes por una infecci\u00f3n urinaria.<\/li>\n<li>Se encuentra con buen estado de \u00e1nimo y l\u00facido.<\/li>\n<li>Podr\u00eda abandonar la cl\u00ednica este viernes, pero le recomiendan que todav\u00eda no vuelva al trabajo.<\/li>\n<\/ul>","protected":false},"excerpt":{"rendered":"<p>Est\u00e1 internado en el sanatorio Fleni de Belgrano desde el martes por una infecci\u00f3n urinaria&#8230;.<\/p>\n","protected":false},"author":1,"featured_media":0,"comment_status":"open","ping_status":"open","sticky":false,"template":"","format":"standard","meta":{"footnotes":""},"categories":[6],"tags":[],"class_list":["post-44880","post","type-post","status-publish","format-standard","hentry","category-deportes"],"_links":{"self":[{"href":"https:\/\/masquenoticiastucuman.com.ar\/index.php?rest_route=\/wp\/v2\/posts\/44880","targetHints":{"allow":["GET"]}}],"collection":[{"href":"https:\/\/masquenoticiastucuman.com.ar\/index.php?rest_route=\/wp\/v2\/posts"}],"about":[{"href":"https:\/\/masquenoticiastucuman.com.ar\/index.php?rest_route=\/wp\/v2\/types\/post"}],"author":[{"embeddable":true,"href":"https:\/\/masquenoticiastucuman.com.ar\/index.php?rest_route=\/wp\/v2\/users\/1"}],"replies":[{"embeddable":true,"href":"https:\/\/masquenoticiastucuman.com.ar\/index.php?rest_route=%2Fwp%2Fv2%2Fcomments&post=44880"}],"version-history":[{"count":0,"href":"https:\/\/masquenoticiastucuman.com.ar\/index.php?rest_route=\/wp\/v2\/posts\/44880\/revisions"}],"wp:attachment":[{"href":"https:\/\/masquenoticiastucuman.com.ar\/index.php?rest_route=%2Fwp%2Fv2%2Fmedia&parent=44880"}],"wp:term":[{"taxonomy":"category","embeddable":true,"href":"https:\/\/masquenoticiastucuman.com.ar\/index.php?rest_route=%2Fwp%2Fv2%2Fcategories&post=44880"},{"taxonomy":"post_tag","embeddable":true,"href":"https:\/\/masquenoticiastucuman.com.ar\/index.php?rest_route=%2Fwp%2Fv2%2Ftags&post=44880"}],"curies":[{"name":"wp","href":"https:\/\/api.w.org\/{rel}","templated":true}]}}